{"id":81131,"date":"2025-09-22T00:07:10","date_gmt":"2025-09-22T00:07:10","guid":{"rendered":"https:\/\/www.europesays.com\/pt\/81131\/"},"modified":"2025-09-22T00:07:10","modified_gmt":"2025-09-22T00:07:10","slug":"cristina-ferreira-questiona-liliana-como-e-qua-acha-que-o-seu-noivo-olha-para-estas-imagens-secret-story","status":"publish","type":"post","link":"https:\/\/www.europesays.com\/pt\/81131\/","title":{"rendered":"Cristina Ferreira questiona Liliana: \u00abComo \u00e9 qua acha que o seu noivo olha para estas imagens?\u00bb &#8211; Secret Story"},"content":{"rendered":"<p data-end=\"494\" data-start=\"0\">No Secret Story 9, Cristina Ferreira chamou Liliana ao confession\u00e1rio e confrontou-a com imagens da sua aproxima\u00e7\u00e3o a F\u00e1bio ao longo da semana. Perante a quest\u00e3o direta da apresentadora,<strong> \u00abtudo aquilo que Liliana fez n\u00e3o tem qualquer tipo de problema?\u00bb<\/strong>, a concorrente respondeu que n\u00e3o, justificando que v\u00ea F\u00e1bio apenas como um <strong>\u00abombro amigo\u00bb<\/strong>. Liliana garantiu ainda que n\u00e3o quer prejudicar a sua imagem c\u00e1 fora e que pretende afastar-se do colega dentro da casa:<strong> \u00abS\u00f3 penso no meu namorado\u00bb<\/strong>.<\/p>\n<p data-end=\"699\" data-start=\"496\">Cristina insistiu e perguntou como achava que o namorado estaria a reagir \u00e0s imagens. Liliana defendeu-se, afirmando que tudo parecia<strong> \u00abmuito ampliado, tal como as emo\u00e7\u00f5es\u00bb<\/strong> e refor\u00e7ou: <strong>\u00abAmo muito o Z\u00e9\u00bb.<\/strong><\/p>\n<p><strong>H\u00e1 agora tr\u00eas concorrentes em risco de abandonar a casa. Hoje um deles vai abandonar a Casa dos Segredos, mais ainda pode votar para SALVAR o seu favorito:<br \/>\u00a0<br \/>BRUNA \u2013 761 20 20 03<br \/>BRUNO MIGUEL \u2013 761 20 20 05<br \/>DYLAN \u2013 761 20 20 07<\/strong><\/p>\n","protected":false},"excerpt":{"rendered":"No Secret Story 9, Cristina Ferreira chamou Liliana ao confession\u00e1rio e confrontou-a com imagens da sua aproxima\u00e7\u00e3o a&hellip;\n","protected":false},"author":2,"featured_media":81132,"comment_status":"","ping_status":"","sticky":false,"template":"","format":"standard","meta":{"footnotes":""},"categories":[142],"tags":[114,115,19082,19033,19016,19034,32,33,151,19032,975],"class_list":{"0":"post-81131","1":"post","2":"type-post","3":"status-publish","4":"format-standard","5":"has-post-thumbnail","7":"category-tv","8":"tag-entertainment","9":"tag-entretenimento","10":"tag-fabio","11":"tag-galas-em-video","12":"tag-liliana","13":"tag-melhores-momentos-casa-dos-segredos","14":"tag-portugal","15":"tag-pt","16":"tag-tv","17":"tag-videos-secret-story-tvi","18":"tag-ze"},"share_on_mastodon":{"url":"","error":""},"_links":{"self":[{"href":"https:\/\/www.europesays.com\/pt\/wp-json\/wp\/v2\/posts\/81131","targetHints":{"allow":["GET"]}}],"collection":[{"href":"https:\/\/www.europesays.com\/pt\/wp-json\/wp\/v2\/posts"}],"about":[{"href":"https:\/\/www.europesays.com\/pt\/wp-json\/wp\/v2\/types\/post"}],"author":[{"embeddable":true,"href":"https:\/\/www.europesays.com\/pt\/wp-json\/wp\/v2\/users\/2"}],"replies":[{"embeddable":true,"href":"https:\/\/www.europesays.com\/pt\/wp-json\/wp\/v2\/comments?post=81131"}],"version-history":[{"count":0,"href":"https:\/\/www.europesays.com\/pt\/wp-json\/wp\/v2\/posts\/81131\/revisions"}],"wp:featuredmedia":[{"embeddable":true,"href":"https:\/\/www.europesays.com\/pt\/wp-json\/wp\/v2\/media\/81132"}],"wp:attachment":[{"href":"https:\/\/www.europesays.com\/pt\/wp-json\/wp\/v2\/media?parent=81131"}],"wp:term":[{"taxonomy":"category","embeddable":true,"href":"https:\/\/www.europesays.com\/pt\/wp-json\/wp\/v2\/categories?post=81131"},{"taxonomy":"post_tag","embeddable":true,"href":"https:\/\/www.europesays.com\/pt\/wp-json\/wp\/v2\/tags?post=81131"}],"curies":[{"name":"wp","href":"https:\/\/api.w.org\/{rel}","templated":true}]}}