{"id":81133,"date":"2025-09-22T00:09:08","date_gmt":"2025-09-22T00:09:08","guid":{"rendered":"https:\/\/www.europesays.com\/pt\/81133\/"},"modified":"2025-09-22T00:09:08","modified_gmt":"2025-09-22T00:09:08","slug":"angelina-jolie-nao-reconheco-o-meu-pais","status":"publish","type":"post","link":"https:\/\/www.europesays.com\/pt\/81133\/","title":{"rendered":"Angelina Jolie: &#8220;N\u00e3o reconhe\u00e7o o meu pa\u00eds&#8221;"},"content":{"rendered":"<p>Os coment\u00e1rios surgem numa altura de crescentes preocupa\u00e7\u00f5es com a liberdade de express\u00e3o nos Estados Unidos, ap\u00f3s a repress\u00e3o do presidente Donald Trump aos meios de comunica\u00e7\u00e3o cr\u00edticos e a recente suspens\u00e3o do programa do apresentador Jimmy Kimmel por coment\u00e1rios sobre o assassinato do ativista conservador Charlie Kirk.<\/p>\n<p data-remotead-prev-elm=\"true\" data-remotead-elm-id=\"inread\">&#8220;Amo o meu pa\u00eds, mas neste momento n\u00e3o o reconhe\u00e7o&#8221;, disse Jolie quando questionada se temia pela liberdade de express\u00e3o nos Estados Unidos. &#8220;Qualquer coisa, em qualquer lugar, que divida ou, claro, limite as express\u00f5es e liberdades pessoais, e de qualquer pessoa, acho muito perigoso&#8221;, acrescentou. &#8220;Estes s\u00e3o tempos muito, muito dif\u00edceis em que estamos todos a viver juntos&#8221;.<\/p>\n<p>Jolie, de 50 anos, esteve em San Sebasti\u00e1n para promover &#8220;Couture&#8221;, realizado pela cineasta francesa Alice Winocour, que concorre ao pr\u00e9mio m\u00e1ximo do festival, a Concha de Ouro. Interpreta Maxine Walker, uma realizadora de cinema norte-americana que enfrenta um div\u00f3rcio e uma doen\u00e7a grave enquanto transita pela Semana da Moda de Paris e inicia um romance com um colega, interpretado pelo ator franc\u00eas Louis Garrel.<\/p>\n<p data-remotead-prev-elm=\"true\" data-remotead-elm-id=\"centro1\">A atriz vencedora de um \u00d3scar, homenageada em 1999 pelo seu papel em &#8220;Girl, Interrupted&#8221;, disse que se identificou pessoalmente com as dificuldades da sua mais recente personagem. Jolie foi submetida a uma mastectomia dupla em 2013 e, posteriormente, removeu os ov\u00e1rios e as trompas de Fal\u00f3pio para reduzir o seu elevado risco gen\u00e9tico de cancro, que tirou a vida \u00e0 sua m\u00e3e e \u00e0 sua av\u00f3.<\/p>\n<p>Visivelmente emocionada, disse que pensou frequentemente na m\u00e3e enquanto filmava o filme. &#8220;Gostava que ela pudesse falar t\u00e3o abertamente como eu, que as pessoas respondessem t\u00e3o gentilmente como voc\u00eas, e que n\u00e3o se sentisse t\u00e3o sozinha&#8221;, disse Jolie. &#8220;H\u00e1 algo de muito particular nos cancros femininos, porque obviamente afetam-nos, sabe, como nos sentimos como mulheres&#8221;.<\/p>\n","protected":false},"excerpt":{"rendered":"Os coment\u00e1rios surgem numa altura de crescentes preocupa\u00e7\u00f5es com a liberdade de express\u00e3o nos Estados Unidos, ap\u00f3s a&hellip;\n","protected":false},"author":2,"featured_media":81134,"comment_status":"","ping_status":"","sticky":false,"template":"","format":"standard","meta":{"footnotes":""},"categories":[140],"tags":[20808,92,114,115,413,147,148,146,32,33],"class_list":{"0":"post-81133","1":"post","2":"type-post","3":"status-publish","4":"format-standard","5":"has-post-thumbnail","7":"category-filmes","8":"tag-angelina-jolie","9":"tag-donald-trump","10":"tag-entertainment","11":"tag-entretenimento","12":"tag-eua","13":"tag-film","14":"tag-filmes","15":"tag-movies","16":"tag-portugal","17":"tag-pt"},"share_on_mastodon":{"url":"","error":""},"_links":{"self":[{"href":"https:\/\/www.europesays.com\/pt\/wp-json\/wp\/v2\/posts\/81133","targetHints":{"allow":["GET"]}}],"collection":[{"href":"https:\/\/www.europesays.com\/pt\/wp-json\/wp\/v2\/posts"}],"about":[{"href":"https:\/\/www.europesays.com\/pt\/wp-json\/wp\/v2\/types\/post"}],"author":[{"embeddable":true,"href":"https:\/\/www.europesays.com\/pt\/wp-json\/wp\/v2\/users\/2"}],"replies":[{"embeddable":true,"href":"https:\/\/www.europesays.com\/pt\/wp-json\/wp\/v2\/comments?post=81133"}],"version-history":[{"count":0,"href":"https:\/\/www.europesays.com\/pt\/wp-json\/wp\/v2\/posts\/81133\/revisions"}],"wp:featuredmedia":[{"embeddable":true,"href":"https:\/\/www.europesays.com\/pt\/wp-json\/wp\/v2\/media\/81134"}],"wp:attachment":[{"href":"https:\/\/www.europesays.com\/pt\/wp-json\/wp\/v2\/media?parent=81133"}],"wp:term":[{"taxonomy":"category","embeddable":true,"href":"https:\/\/www.europesays.com\/pt\/wp-json\/wp\/v2\/categories?post=81133"},{"taxonomy":"post_tag","embeddable":true,"href":"https:\/\/www.europesays.com\/pt\/wp-json\/wp\/v2\/tags?post=81133"}],"curies":[{"name":"wp","href":"https:\/\/api.w.org\/{rel}","templated":true}]}}