{"id":81153,"date":"2025-09-22T00:30:20","date_gmt":"2025-09-22T00:30:20","guid":{"rendered":"https:\/\/www.europesays.com\/pt\/81153\/"},"modified":"2025-09-22T00:30:20","modified_gmt":"2025-09-22T00:30:20","slug":"sobrepeso-e-obesidade-nem-sempre-aumentam-o-risco-de-morte-precoce-aponta-estudo-dinamarques","status":"publish","type":"post","link":"https:\/\/www.europesays.com\/pt\/81153\/","title":{"rendered":"Sobrepeso e obesidade nem sempre aumentam o risco de morte precoce, aponta estudo dinamarqu\u00eas"},"content":{"rendered":"\n<p class=\" content-text__container theme-color-primary-first-letter\" data-track-category=\"Link no Texto\" data-track-links=\"\"> Um novo estudo dinamarqu\u00eas analisou milhares de pessoas e constatou que indiv\u00edduos classificados como com sobrepeso ou <a class=\"\" href=\"https:\/\/oglobo.globo.com\/tudo-sobre\/assunto\/obesidade\" rel=\"nofollow noopener\" target=\"_blank\">obesidade<\/a> grau I, pelo \u00edndice de massa corporal (IMC), nem sempre t\u00eam um risco aumentado de morte precoce. O trabalho foi apresentado na reuni\u00e3o anual da Associa\u00e7\u00e3o Europeia para Estudos da Diabetes (EASD), que acontece nesta semana em Viena, na \u00c1ustria. <\/p>\n<ul class=\"content-unordered-list\">\n<li><strong>Saiba qual: <\/strong><a class=\"\" href=\"https:\/\/oglobo.globo.com\/saude\/noticia\/2025\/09\/15\/um-habito-diario-pode-melhorar-a-dor-cronica-nas-costas-saiba-qual.ghtml\" rel=\"nofollow noopener\" target=\"_blank\"><strong>Um h\u00e1bito di\u00e1rio pode melhorar a dor cr\u00f4nica nas costas<\/strong><\/a><\/li>\n<li><strong>\u00d4mega-3, vitaminas D, B12: <\/strong><a class=\"\" href=\"https:\/\/oglobo.globo.com\/saude\/noticia\/2025\/09\/13\/omega-3-vitaminas-d-b12-o-que-realmente-funciona-nos-suplementos-para-aumentar-a-longevidade.ghtml?mrfhud=true\" rel=\"nofollow noopener\" target=\"_blank\"><strong>O que realmente funciona nos suplementos para aumentar a longevidade?<\/strong><\/a><\/li>\n<\/ul>\n<p class=\" content-text__container \" data-track-category=\"Link no Texto\" data-track-links=\"\"> O IMC \u00e9 um c\u00e1lculo amplamente utilizado que divide o peso (em kg) pela altura ao quadrado (em metros). O resultado enquadra a pessoa em uma classifica\u00e7\u00e3o que vai de abaixo do peso (IMC menor que 18,5 kg\/m\u00b2) at\u00e9 peso normal (entre 18,5 e 24,9), sobrepeso (de 25 a 29,9) e obesidade (acima de 30). No \u00faltimo est\u00e1gio, h\u00e1 ainda uma divis\u00e3o entre grau I (30 a 34,9), grau II (35 a 39,9) e grau III (maior que 40). <\/p>\n<p class=\" content-text__container \" data-track-category=\"Link no Texto\" data-track-links=\"\"> No novo estudo, cientistas do Steno Diabetes Center Aarhus, do Hospital Universit\u00e1rio de Aarhus, analisaram informa\u00e7\u00f5es de 85.761 indiv\u00edduos dispon\u00edveis em um banco de dados de sa\u00fade do pa\u00eds. Ao todo, 7.555 participantes, que tinham em m\u00e9dia 66,4 anos no in\u00edcio do acompanhamento, morreram durante um per\u00edodo de 5 anos, \u00f3bitos considerados precoces. <\/p>\n<ul class=\"content-unordered-list\">\n<li><strong>Ela tamb\u00e9m cont\u00e9m vitamina A, c\u00e1lcio e magn\u00e9sio: <\/strong><a class=\"\" href=\"https:\/\/oglobo.globo.com\/saude\/noticia\/2025\/09\/13\/a-fruta-rica-em-antioxidantes-que-pode-ajudar-a-manter-a-saude-do-figado.ghtml\" rel=\"nofollow noopener\" target=\"_blank\"><strong>A fruta rica em antioxidantes que pode ajudar a manter a sa\u00fade do f\u00edgado<\/strong><\/a><\/li>\n<\/ul>\n<p class=\" content-text__container \" data-track-category=\"Link no Texto\" data-track-links=\"\"> Tendo como refer\u00eancia os indiv\u00edduos com o IMC enquadrado no que seria o mais saud\u00e1vel poss\u00edvel (entre 22,5 e 25), a an\u00e1lise mostrou que aqueles que estavam abaixo do peso tiveram uma chance 2,73 vezes maior de morrer prematuramente. Na outra ponta, aqueles com obesidade grau III tamb\u00e9m tiverem um risco de \u00f3bito 2,1 vezes maior, e os com obesidade grau II, 23% maior. <\/p>\n<p class=\" content-text__container \" data-track-category=\"Link no Texto\" data-track-links=\"\"> \u201cEstar abaixo do peso ou ter obesidade s\u00e3o grandes desafios globais de sa\u00fade. A obesidade pode prejudicar o metabolismo do corpo, enfraquecer o sistema imunol\u00f3gico e levar a doen\u00e7as como diabetes tipo 2, doen\u00e7as cardiovasculares e at\u00e9 15 tipos diferentes de c\u00e2ncer, enquanto estar abaixo do peso est\u00e1 associado \u00e0 desnutri\u00e7\u00e3o, imunidade enfraquecida e defici\u00eancia de nutrientes\u201d, diz Sigrid Bjerge Gribsholt, pesquisadora que liderou o estudo, em comunicado. <\/p>\n<ul class=\"content-unordered-list\">\n<li><strong>Magn\u00e9sio: <\/strong><a class=\"\" href=\"https:\/\/oglobo.globo.com\/saude\/noticia\/2025\/09\/14\/magnesio-o-que-ele-pode-fazer-por-voce-e-de-quanto-voce-precisa-segundo-um-professor-de-harvard.ghtml\" rel=\"nofollow noopener\" target=\"_blank\"><strong>O que ele pode fazer por voc\u00ea e de quanto voc\u00ea precisa, segundo um professor de Harvard<\/strong><\/a><\/li>\n<\/ul>\n<p class=\" content-text__container \" data-track-category=\"Link no Texto\" data-track-links=\"\"> No entanto, os n\u00fameros mostraram que as pessoas classificadas com sobrepeso e obesidade grau I n\u00e3o tiveram um risco de morte precoce significativamente aumentado em rela\u00e7\u00e3o \u00e0s com o peso ideal. Para os respons\u00e1veis pelo trabalho, os resultados apontam para indiv\u00edduos metabolicamente saud\u00e1veis. <\/p>\n<p class=\" content-text__container \" data-track-category=\"Link no Texto\" data-track-links=\"\"> \u201cExistem resultados conflitantes sobre a faixa de IMC ligada \u00e0 menor mortalidade. Antes, acreditava-se que fosse de 20 a 25, mas pode estar aumentando ao longo do tempo devido aos avan\u00e7os m\u00e9dicos e \u00e0 melhoria da sa\u00fade em geral\u201d, sugere Sigrid. <\/p>\n<p class=\" content-text__container \" data-track-category=\"Link no Texto\" data-track-links=\"\"> Al\u00e9m disso, quando analisados aqueles com IMC de 20 a 22,5 kg\/m\u00b2, que estariam no come\u00e7o da faixa considerada ideal, foi observado um risco de morte 27% mais alto em compara\u00e7\u00e3o com os indiv\u00edduos cujo \u00edndice era de 22,5 e 25 kg\/m\u00b2. Todos os resultados foram ajustados por sexo, n\u00edvel de comorbidades e n\u00edvel educacional. <\/p>\n<ul class=\"content-unordered-list\">\n<li><strong>Carinho entre humanos e felinos aumenta a ocitocina: <\/strong><a class=\"\" href=\"https:\/\/oglobo.globo.com\/saude\/noticia\/2025\/09\/15\/o-que-ter-um-gato-faz-com-o-seu-cerebro-e-com-o-dele.ghtml\" rel=\"nofollow noopener\" target=\"_blank\"><strong>O que ter um gato faz com o seu c\u00e9rebro (e com o dele)<\/strong><\/a><\/li>\n<\/ul>\n<p class=\" content-text__container \" data-track-category=\"Link no Texto\" data-track-links=\"\"> Os pesquisadores ficaram surpresos com os achados, especialmente ao n\u00e3o encontrar uma rela\u00e7\u00e3o entre sobrepeso e obesidade grau I com a maior mortalidade precoce. Para Sigrid, uma poss\u00edvel explica\u00e7\u00e3o \u00e9 que, no estudo, em que a maioria dos participantes era formada por idosos, aquelas com IMC mais alto tamb\u00e9m tinham \u201ccertas caracter\u00edsticas protetivas que influenciam os resultados\u201d. <\/p>\n<p class=\" content-text__container \" data-track-category=\"Link no Texto\" data-track-links=\"\"> Outra hip\u00f3tese \u00e9 que, pela base de dados analisada ser de pessoas que buscaram servi\u00e7os de sa\u00fade, aquelas com o IMC considerado normal podem ter, na realidade, perdido peso devido a uma doen\u00e7a subjacente. \u201cNesses casos, seria a doen\u00e7a, e n\u00e3o o baixo peso em si, que aumentou o risco de morte, o que pode dar a impress\u00e3o de que ter um IMC mais alto \u00e9 protetor\u201d, explica a pesquisadora. <\/p>\n<p class=\" content-text__container \" data-track-category=\"Link no Texto\" data-track-links=\"\"> \u201cNo entanto, em linha com pesquisas anteriores, constatamos que pessoas abaixo do peso enfrentam risco muito maior de morte\u201d, pondera. Seja qual for a explica\u00e7\u00e3o, o IMC n\u00e3o \u00e9 o \u00fanico indicador de que um indiv\u00edduo carrega n\u00edveis prejudiciais de gordura, lembra o tamb\u00e9m professor da universidade e autor do estudo, Jens Meldgaard Bruun: <\/p>\n<p class=\" content-text__container \" data-track-category=\"Link no Texto\" data-track-links=\"\"> \u201cOutros fatores importantes incluem como a gordura \u00e9 distribu\u00edda. A gordura visceral \u2014 gordura muito ativa metabolicamente e armazenada profundamente no abd\u00f4men, envolvendo os \u00f3rg\u00e3os \u2014 secreta compostos que afetam negativamente a sa\u00fade metab\u00f3lica. Como resultado, um indiv\u00edduo com IMC de 35 e formato de ma\u00e7\u00e3 \u2014 com excesso de gordura ao redor do abd\u00f4men \u2014 pode ter diabetes tipo 2 ou press\u00e3o alta, enquanto outro indiv\u00edduo com o mesmo IMC pode n\u00e3o ter esses problemas porque o excesso de gordura est\u00e1 nos quadris, n\u00e1degas e coxas\u201d. <\/p>\n<p class=\" content-text__container \" data-track-category=\"Link no Texto\" data-track-links=\"\"> Para ele, o tratamento da obesidade deve ser personalizado, levando em conta fatores como distribui\u00e7\u00e3o de gordura e a presen\u00e7a de condi\u00e7\u00f5es como diabetes tipo 2. <\/p>\n","protected":false},"excerpt":{"rendered":"Um novo estudo dinamarqu\u00eas analisou milhares de pessoas e constatou que indiv\u00edduos classificados como com sobrepeso ou obesidade&hellip;\n","protected":false},"author":2,"featured_media":81154,"comment_status":"","ping_status":"","sticky":false,"template":"","format":"standard","meta":{"footnotes":""},"categories":[86],"tags":[319,116,1022,32,33,117],"class_list":{"0":"post-81153","1":"post","2":"type-post","3":"status-publish","4":"format-standard","5":"has-post-thumbnail","7":"category-saude","8":"tag-hard-news","9":"tag-health","10":"tag-obesidade","11":"tag-portugal","12":"tag-pt","13":"tag-saude"},"share_on_mastodon":{"url":"","error":""},"_links":{"self":[{"href":"https:\/\/www.europesays.com\/pt\/wp-json\/wp\/v2\/posts\/81153","targetHints":{"allow":["GET"]}}],"collection":[{"href":"https:\/\/www.europesays.com\/pt\/wp-json\/wp\/v2\/posts"}],"about":[{"href":"https:\/\/www.europesays.com\/pt\/wp-json\/wp\/v2\/types\/post"}],"author":[{"embeddable":true,"href":"https:\/\/www.europesays.com\/pt\/wp-json\/wp\/v2\/users\/2"}],"replies":[{"embeddable":true,"href":"https:\/\/www.europesays.com\/pt\/wp-json\/wp\/v2\/comments?post=81153"}],"version-history":[{"count":0,"href":"https:\/\/www.europesays.com\/pt\/wp-json\/wp\/v2\/posts\/81153\/revisions"}],"wp:featuredmedia":[{"embeddable":true,"href":"https:\/\/www.europesays.com\/pt\/wp-json\/wp\/v2\/media\/81154"}],"wp:attachment":[{"href":"https:\/\/www.europesays.com\/pt\/wp-json\/wp\/v2\/media?parent=81153"}],"wp:term":[{"taxonomy":"category","embeddable":true,"href":"https:\/\/www.europesays.com\/pt\/wp-json\/wp\/v2\/categories?post=81153"},{"taxonomy":"post_tag","embeddable":true,"href":"https:\/\/www.europesays.com\/pt\/wp-json\/wp\/v2\/tags?post=81153"}],"curies":[{"name":"wp","href":"https:\/\/api.w.org\/{rel}","templated":true}]}}