{"id":81164,"date":"2025-09-22T00:41:08","date_gmt":"2025-09-22T00:41:08","guid":{"rendered":"https:\/\/www.europesays.com\/pt\/81164\/"},"modified":"2025-09-22T00:41:08","modified_gmt":"2025-09-22T00:41:08","slug":"missao-de-ana-e-pedro-falha-e-a-consequencia-deixa-os-concorrentes-boquiabertos-secret-story","status":"publish","type":"post","link":"https:\/\/www.europesays.com\/pt\/81164\/","title":{"rendered":"Miss\u00e3o de Ana e Pedro falha e a consequ\u00eancia deixa os concorrentes boquiabertos &#8211; Secret Story"},"content":{"rendered":"<p>No Secret Story 9, a gala trouxe uma miss\u00e3o inesperada que colocou Ana e Pedro no centro das aten\u00e7\u00f5es: os dois foram desafiados a convencer os colegas de que estavam a apaixonar-se dentro da casa. Depois de partilharem no confession\u00e1rio como viveram a experi\u00eancia, a Voz revelou o veredito final: a miss\u00e3o foi considerada mal sucedida e, como consequ\u00eancia, cada um perdeu 2500 euros.<\/p>\n<p><strong>H\u00e1 agora tr\u00eas concorrentes em risco de abandonar a casa. Hoje um deles vai abandonar a Casa dos Segredos, mais ainda pode votar para SALVAR o seu favorito:<br \/>\u00a0<br \/>BRUNA \u2013 761 20 20 03<br \/>BRUNO MIGUEL \u2013 761 20 20 05<br \/>DYLAN \u2013 761 20 20 07<\/strong><br \/>\u00a0<\/p>\n<p><a href=\"https:\/\/tvi.iol.pt\/secretstory\/aominuto\" wbo-id=\"46\" rel=\"nofollow noopener\" target=\"_blank\">Acompanhe tudo o que se passa na casa do Secret Story ao minuto!<\/a><\/p>\n","protected":false},"excerpt":{"rendered":"No Secret Story 9, a gala trouxe uma miss\u00e3o inesperada que colocou Ana e Pedro no centro das&hellip;\n","protected":false},"author":2,"featured_media":81165,"comment_status":"","ping_status":"","sticky":false,"template":"","format":"standard","meta":{"footnotes":""},"categories":[142],"tags":[6340,114,115,19033,19034,14646,32,33,151,19032],"class_list":{"0":"post-81164","1":"post","2":"type-post","3":"status-publish","4":"format-standard","5":"has-post-thumbnail","7":"category-tv","8":"tag-ana","9":"tag-entertainment","10":"tag-entretenimento","11":"tag-galas-em-video","12":"tag-melhores-momentos-casa-dos-segredos","13":"tag-pedro","14":"tag-portugal","15":"tag-pt","16":"tag-tv","17":"tag-videos-secret-story-tvi"},"share_on_mastodon":{"url":"","error":""},"_links":{"self":[{"href":"https:\/\/www.europesays.com\/pt\/wp-json\/wp\/v2\/posts\/81164","targetHints":{"allow":["GET"]}}],"collection":[{"href":"https:\/\/www.europesays.com\/pt\/wp-json\/wp\/v2\/posts"}],"about":[{"href":"https:\/\/www.europesays.com\/pt\/wp-json\/wp\/v2\/types\/post"}],"author":[{"embeddable":true,"href":"https:\/\/www.europesays.com\/pt\/wp-json\/wp\/v2\/users\/2"}],"replies":[{"embeddable":true,"href":"https:\/\/www.europesays.com\/pt\/wp-json\/wp\/v2\/comments?post=81164"}],"version-history":[{"count":0,"href":"https:\/\/www.europesays.com\/pt\/wp-json\/wp\/v2\/posts\/81164\/revisions"}],"wp:featuredmedia":[{"embeddable":true,"href":"https:\/\/www.europesays.com\/pt\/wp-json\/wp\/v2\/media\/81165"}],"wp:attachment":[{"href":"https:\/\/www.europesays.com\/pt\/wp-json\/wp\/v2\/media?parent=81164"}],"wp:term":[{"taxonomy":"category","embeddable":true,"href":"https:\/\/www.europesays.com\/pt\/wp-json\/wp\/v2\/categories?post=81164"},{"taxonomy":"post_tag","embeddable":true,"href":"https:\/\/www.europesays.com\/pt\/wp-json\/wp\/v2\/tags?post=81164"}],"curies":[{"name":"wp","href":"https:\/\/api.w.org\/{rel}","templated":true}]}}