{"id":81213,"date":"2025-09-22T01:32:12","date_gmt":"2025-09-22T01:32:12","guid":{"rendered":"https:\/\/www.europesays.com\/pt\/81213\/"},"modified":"2025-09-22T01:32:12","modified_gmt":"2025-09-22T01:32:12","slug":"benfica-caio-bonfim-e-campeao-do-mundo-de-20km-marcha","status":"publish","type":"post","link":"https:\/\/www.europesays.com\/pt\/81213\/","title":{"rendered":"Benfica: Caio Bonfim \u00e9 campe\u00e3o do Mundo de 20km marcha"},"content":{"rendered":"<p>Caio Bonfim, atleta do Benfica, sagrou-se este s\u00e1bado campe\u00e3o do Mundo de 20km marcha.<\/p>\n<p>\u00abO atleta do projeto ol\u00edmpico do Sport Lisboa e Benfica Caio Bonfim conquistou, nesta madrugada de s\u00e1bado, 20 de setembro, o t\u00edtulo de campe\u00e3o do mundo nos 20 quil\u00f3metros marcha, ao ser o mais r\u00e1pido na dist\u00e2ncia nos Mundiais de atletismo de T\u00f3quio\u00bb, pode ler-se na nota oficial dos encarnados.<\/p>\n<p>O brasileiro fez um tempo de 1:18:35 e bateu o chin\u00eas Zhaozhao Wang (1:18:43) e o espanhol Paul McGrath (1:18:45).<\/p>\n<p>Antes de cruzar a meta, o brasileiro n\u00e3o sabia que ia conquistar o ouro e s\u00f3 depois da prova soube do castigo imposto ao japon\u00eas Toshikazu Yamanishi, que liderou a prova em diversos momentos, mas recebeu uma advert\u00eancia de dois minutos e acabou em 28.\u00ba lugar.<\/p>\n<p>\u00abEu n\u00e3o sabia que eu estava com o ouro. Passei o chin\u00eas e o espanhol na \u00faltima volta e acelerei para ir atr\u00e1s do Yamanishi. Entrei no est\u00e1dio e estranhei quando vi a faixa para o primeiro lugar. S\u00f3 depois que vi no ecr\u00e3 que tinha ganho. A\u00ed foi s\u00f3 alegria\u00bb, disse ap\u00f3s a prova.<\/p>\n<p>De referir que Bonfim conquistou recentemente a medalha de prata nos 35 quil\u00f3metros marcha.<\/p>\n<blockquote class=\"twitter-tweet\">\n<p lang=\"pt\">\ud83c\udfc5 Caio Bonfim, atleta do SL Benfica, sagrou-se campe\u00e3o do mundo nos 20 Km marcha! \ud83e\udd85<a href=\"https:\/\/twitter.com\/hashtag\/BenficaOl%C3%ADmpico?src=hash&amp;ref_src=twsrc%5Etfw\" rel=\"nofollow noopener\" target=\"_blank\">#BenficaOl\u00edmpico<\/a><\/p>\n<p>\ud83d\udcf8 danvernonphoto e Mattia Ozbot <a href=\"https:\/\/t.co\/l0rDbRKUaR\" rel=\"nofollow\">pic.twitter.com\/l0rDbRKUaR<\/a><\/p>\n<p> \u2014 SLBenfica Modalidades (@modalidadesslb)<br \/>\n  <a href=\"https:\/\/twitter.com\/modalidadesslb\/status\/1969353330355810542?ref_src=twsrc%5Etfw\" rel=\"nofollow noopener\" target=\"_blank\">September 20, 2025<\/a>\n <\/p><\/blockquote>\n<p>                                <script async src=\"https:\/\/platform.twitter.com\/widgets.js\" charset=\"utf-8\"><\/script><\/p>\n","protected":false},"excerpt":{"rendered":"Caio Bonfim, atleta do Benfica, sagrou-se este s\u00e1bado campe\u00e3o do Mundo de 20km marcha. \u00abO atleta do projeto&hellip;\n","protected":false},"author":2,"featured_media":81214,"comment_status":"","ping_status":"","sticky":false,"template":"","format":"standard","meta":{"footnotes":""},"categories":[87],"tags":[1866,51,20827,135,46,15387,20828,32,33,47,134,20829],"class_list":{"0":"post-81213","1":"post","2":"type-post","3":"status-publish","4":"format-standard","5":"has-post-thumbnail","7":"category-desporto","8":"tag-atletismo","9":"tag-benfica","10":"tag-caio-bonfim","11":"tag-desporto","12":"tag-maisfutebol","13":"tag-marcha","14":"tag-mundiais","15":"tag-portugal","16":"tag-pt","17":"tag-pura-paixao","18":"tag-sports","19":"tag-toquio"},"share_on_mastodon":{"url":"","error":""},"_links":{"self":[{"href":"https:\/\/www.europesays.com\/pt\/wp-json\/wp\/v2\/posts\/81213","targetHints":{"allow":["GET"]}}],"collection":[{"href":"https:\/\/www.europesays.com\/pt\/wp-json\/wp\/v2\/posts"}],"about":[{"href":"https:\/\/www.europesays.com\/pt\/wp-json\/wp\/v2\/types\/post"}],"author":[{"embeddable":true,"href":"https:\/\/www.europesays.com\/pt\/wp-json\/wp\/v2\/users\/2"}],"replies":[{"embeddable":true,"href":"https:\/\/www.europesays.com\/pt\/wp-json\/wp\/v2\/comments?post=81213"}],"version-history":[{"count":0,"href":"https:\/\/www.europesays.com\/pt\/wp-json\/wp\/v2\/posts\/81213\/revisions"}],"wp:featuredmedia":[{"embeddable":true,"href":"https:\/\/www.europesays.com\/pt\/wp-json\/wp\/v2\/media\/81214"}],"wp:attachment":[{"href":"https:\/\/www.europesays.com\/pt\/wp-json\/wp\/v2\/media?parent=81213"}],"wp:term":[{"taxonomy":"category","embeddable":true,"href":"https:\/\/www.europesays.com\/pt\/wp-json\/wp\/v2\/categories?post=81213"},{"taxonomy":"post_tag","embeddable":true,"href":"https:\/\/www.europesays.com\/pt\/wp-json\/wp\/v2\/tags?post=81213"}],"curies":[{"name":"wp","href":"https:\/\/api.w.org\/{rel}","templated":true}]}}