{"id":81255,"date":"2025-09-22T02:20:13","date_gmt":"2025-09-22T02:20:13","guid":{"rendered":"https:\/\/www.europesays.com\/pt\/81255\/"},"modified":"2025-09-22T02:20:13","modified_gmt":"2025-09-22T02:20:13","slug":"6-gabardines-da-zara-que-as-mulheres-espanholas-ja-usam","status":"publish","type":"post","link":"https:\/\/www.europesays.com\/pt\/81255\/","title":{"rendered":"6 gabardines da Zara que as mulheres espanholas j\u00e1 usam"},"content":{"rendered":"<p>Est\u00e1 na altura de o teu <a href=\"https:\/\/versa.iol.pt\/zara\/casaco\/sera-este-o-proximo-casaco-fenomeno-da-zara-tudo-indica-que-sim\/20250916\/68c83bc1d34e58bc6795c4d8\" rel=\"nofollow noopener\" target=\"_blank\">guarda-roupa mudar<\/a>, com pe\u00e7as apropriadas para a pr\u00f3xima esta\u00e7\u00e3o. Com o frio e os dias de chuva t\u00edpicos do outono, que chega a 22 de setembro, mais do que um <a href=\"https:\/\/versa.iol.pt\/zara\/mango\/dos-casacos-aos-sapatos-dizemos-te-como-entrar-oficialmente-neste-outono\/20250908\/68badc2cd34e3f0baea262d0\" rel=\"nofollow noopener\" target=\"_blank\">casaco de malha<\/a>, precisamos de um trench coat, tamb\u00e9m conhecido como gabardine,\u00a0e na Zara n\u00e3o faltam propostas.<\/p>\n<p>Poder\u00edamos escolher um qualquer trench coat, mas fomos atr\u00e1s daqueles que conquistaram nos \u00faltimos tempos as mulheres espanholas. Seis deles foram destaque na revista <a href=\"https:\/\/woman.elperiodico.com\/moda\/6-gabardinas-impermeables-nueva-coleccion-zara-look-lluvia-moderno-estiloso-atemporal-dv-121440542#foto1\" target=\"_blank\" rel=\"nofollow noopener\">Woman Madame<\/a>\u00a0por serem &#8220;considerados as estrelas da meia-esta\u00e7\u00e3o&#8221; e n\u00e3o faltam raz\u00f5es: s\u00e3o\u00a0imperme\u00e1veis, logo perfeitos para dias chuvosos ou ventosos, assim como intemporais e modernos.<\/p>\n<p>Os modelos v\u00e3o desde os trench coats curtos em bege claro e preto at\u00e9 ao\u00a0<a href=\"https:\/\/www.zara.com\/pt\/pt\/trench-cruzado-water-repellent-zw-collection-p00518243.html?v1=486973620\" target=\"_blank\" rel=\"nofollow noopener\">trench coat comprido<\/a> e com design elegante, que inclui gola de lapela. Existe ainda uma op\u00e7\u00e3o de parka\u00a0curta com gola de lapela remov\u00edvel com\u00a0efeito de pelo.<\/p>\n<p>A variedade \u00e9 grande para que os looks de outono nunca seja iguais, por mais mon\u00f3tono que seja o tempo nessa esta\u00e7\u00e3o do ano.<\/p>\n<p>Mostramos na galeria de imagens as v\u00e1rias op\u00e7\u00f5es que conquistaram as mulheres espanholas.<\/p>\n","protected":false},"excerpt":{"rendered":"Est\u00e1 na altura de o teu guarda-roupa mudar, com pe\u00e7as apropriadas para a pr\u00f3xima esta\u00e7\u00e3o. Com o frio&hellip;\n","protected":false},"author":2,"featured_media":81256,"comment_status":"","ping_status":"","sticky":false,"template":"","format":"standard","meta":{"footnotes":""},"categories":[85],"tags":[1081,2139,204,114,115,9086,20831,754,186,1079,32,33,1078,1080,3480],"class_list":{"0":"post-81255","1":"post","2":"type-post","3":"status-publish","4":"format-standard","5":"has-post-thumbnail","7":"category-entretenimento","8":"tag-beleza","9":"tag-chuva","10":"tag-design","11":"tag-entertainment","12":"tag-entretenimento","13":"tag-frio","14":"tag-gabardina","15":"tag-gastronomia","16":"tag-lifestyle","17":"tag-moda","18":"tag-portugal","19":"tag-pt","20":"tag-versa","21":"tag-viagens","22":"tag-zara"},"share_on_mastodon":{"url":"","error":""},"_links":{"self":[{"href":"https:\/\/www.europesays.com\/pt\/wp-json\/wp\/v2\/posts\/81255","targetHints":{"allow":["GET"]}}],"collection":[{"href":"https:\/\/www.europesays.com\/pt\/wp-json\/wp\/v2\/posts"}],"about":[{"href":"https:\/\/www.europesays.com\/pt\/wp-json\/wp\/v2\/types\/post"}],"author":[{"embeddable":true,"href":"https:\/\/www.europesays.com\/pt\/wp-json\/wp\/v2\/users\/2"}],"replies":[{"embeddable":true,"href":"https:\/\/www.europesays.com\/pt\/wp-json\/wp\/v2\/comments?post=81255"}],"version-history":[{"count":0,"href":"https:\/\/www.europesays.com\/pt\/wp-json\/wp\/v2\/posts\/81255\/revisions"}],"wp:featuredmedia":[{"embeddable":true,"href":"https:\/\/www.europesays.com\/pt\/wp-json\/wp\/v2\/media\/81256"}],"wp:attachment":[{"href":"https:\/\/www.europesays.com\/pt\/wp-json\/wp\/v2\/media?parent=81255"}],"wp:term":[{"taxonomy":"category","embeddable":true,"href":"https:\/\/www.europesays.com\/pt\/wp-json\/wp\/v2\/categories?post=81255"},{"taxonomy":"post_tag","embeddable":true,"href":"https:\/\/www.europesays.com\/pt\/wp-json\/wp\/v2\/tags?post=81255"}],"curies":[{"name":"wp","href":"https:\/\/api.w.org\/{rel}","templated":true}]}}