{"id":81261,"date":"2025-09-22T02:29:08","date_gmt":"2025-09-22T02:29:08","guid":{"rendered":"https:\/\/www.europesays.com\/pt\/81261\/"},"modified":"2025-09-22T02:29:08","modified_gmt":"2025-09-22T02:29:08","slug":"disputa-por-liliana-a-reacao-de-marisa-perante-as-acusacoes-ao-marido-secret-story","status":"publish","type":"post","link":"https:\/\/www.europesays.com\/pt\/81261\/","title":{"rendered":"Disputa por Liliana? A rea\u00e7\u00e3o de Marisa perante as acusa\u00e7\u00f5es ao marido &#8211; Secret Story"},"content":{"rendered":"<p data-end=\"491\" data-start=\"0\">No Secret Story 9, a gala desta noite ficou marcada por um momento de elevada tens\u00e3o, quando Cristina Ferreira lan\u00e7ou uma VT que exp\u00f4s imagens comprometedores aos concorrentes. Pedro n\u00e3o escondeu o espanto com o que viu, mas tamb\u00e9m com as palavras duras de F\u00e1bio. Em direto, F\u00e1bio tentou justificar-se, alegando que \u00abde certa forma quis proteger a Liliana\u00bb, mas acabou por ir mais longe e confessou o seu interesse na concorrente, sugerindo ainda que Pedro partilharia do mesmo sentimento.<\/p>\n<p data-end=\"739\" data-start=\"493\">Enquanto a disputa se desenrolava em plena gala, Marisa, mulher de Pedro e parceira no segredo, reagiu de imediato, mostrando-se atenta \u00e0s revela\u00e7\u00f5es e ao confronto que a envolveu indiretamente, com Liliana no centro de toda a pol\u00e9mica.<\/p>\n<p><strong>Na primeira semana do Secret Story &#8211; Casa dos Segredos 9, h\u00e1 quatro concorrentes em risco de abandonar a casa. Hoje um deles vai abandonar a Casa dos Segredos, mais ainda pode votar para SALVAR o seu favorito:<br \/>\u00a0<br \/>BRUNA \u2013 761 20 20 03<br \/>BRUNO MIGUEL \u2013 761 20 20 05<br \/>DYLAN \u2013 761 20 20 07<br \/>PEDRO \u2013 761 20 20 18<\/strong><\/p>\n<p><a href=\"https:\/\/tvi.iol.pt\/secretstory\/aominuto\" wbo-id=\"59\" rel=\"nofollow noopener\" target=\"_blank\">Acompanhe tudo o que se passa na casa do Secret Story ao minuto!<\/a><\/p>\n","protected":false},"excerpt":{"rendered":"No Secret Story 9, a gala desta noite ficou marcada por um momento de elevada tens\u00e3o, quando Cristina&hellip;\n","protected":false},"author":2,"featured_media":81262,"comment_status":"","ping_status":"","sticky":false,"template":"","format":"standard","meta":{"footnotes":""},"categories":[142],"tags":[114,115,19082,19033,19016,19034,14646,32,33,151,19032],"class_list":{"0":"post-81261","1":"post","2":"type-post","3":"status-publish","4":"format-standard","5":"has-post-thumbnail","7":"category-tv","8":"tag-entertainment","9":"tag-entretenimento","10":"tag-fabio","11":"tag-galas-em-video","12":"tag-liliana","13":"tag-melhores-momentos-casa-dos-segredos","14":"tag-pedro","15":"tag-portugal","16":"tag-pt","17":"tag-tv","18":"tag-videos-secret-story-tvi"},"share_on_mastodon":{"url":"","error":""},"_links":{"self":[{"href":"https:\/\/www.europesays.com\/pt\/wp-json\/wp\/v2\/posts\/81261","targetHints":{"allow":["GET"]}}],"collection":[{"href":"https:\/\/www.europesays.com\/pt\/wp-json\/wp\/v2\/posts"}],"about":[{"href":"https:\/\/www.europesays.com\/pt\/wp-json\/wp\/v2\/types\/post"}],"author":[{"embeddable":true,"href":"https:\/\/www.europesays.com\/pt\/wp-json\/wp\/v2\/users\/2"}],"replies":[{"embeddable":true,"href":"https:\/\/www.europesays.com\/pt\/wp-json\/wp\/v2\/comments?post=81261"}],"version-history":[{"count":0,"href":"https:\/\/www.europesays.com\/pt\/wp-json\/wp\/v2\/posts\/81261\/revisions"}],"wp:featuredmedia":[{"embeddable":true,"href":"https:\/\/www.europesays.com\/pt\/wp-json\/wp\/v2\/media\/81262"}],"wp:attachment":[{"href":"https:\/\/www.europesays.com\/pt\/wp-json\/wp\/v2\/media?parent=81261"}],"wp:term":[{"taxonomy":"category","embeddable":true,"href":"https:\/\/www.europesays.com\/pt\/wp-json\/wp\/v2\/categories?post=81261"},{"taxonomy":"post_tag","embeddable":true,"href":"https:\/\/www.europesays.com\/pt\/wp-json\/wp\/v2\/tags?post=81261"}],"curies":[{"name":"wp","href":"https:\/\/api.w.org\/{rel}","templated":true}]}}