{"id":81281,"date":"2025-09-22T02:58:07","date_gmt":"2025-09-22T02:58:07","guid":{"rendered":"https:\/\/www.europesays.com\/pt\/81281\/"},"modified":"2025-09-22T02:58:07","modified_gmt":"2025-09-22T02:58:07","slug":"bruna-gomes-arrasa-liliana-talvez-se-tenha-esquecido-que-ficou-noiva-secret-story","status":"publish","type":"post","link":"https:\/\/www.europesays.com\/pt\/81281\/","title":{"rendered":"Bruna Gomes arrasa Liliana: \u00abTalvez se tenha esquecido que ficou noiva\u00bb &#8211; Secret Story"},"content":{"rendered":"<p style=\"margin-bottom:11px\">Na <a href=\"https:\/\/tvi.iol.pt\/secretstory\/\" rel=\"nofollow noopener\" target=\"_blank\">segunda gala do Secret Story 9,<\/a> al\u00e9m da condu\u00e7\u00e3o de Cristina Ferreira, a noite contou tamb\u00e9m com a an\u00e1lise dos comentadores <a href=\"https:\/\/tvi.iol.pt\/secretstory\/search?pagina=1&amp;pesquisa=bruna+gomes\" rel=\"nofollow noopener\" target=\"_blank\">Bruna Gomes<\/a> e Fl\u00e1vio Furtado, que <strong>n\u00e3o deixaram passar em branco os momentos mais marcantes<\/strong>.<\/p>\n<p>Sem rodeios, <strong>Bruna dirigiu uma cr\u00edtica direta a Liliana<\/strong>, lembrando que a concorrente ficou noiva recentemente: \u00abTalvez ela se tenha esquecido que ficou noiva\u00bb, atirou.<\/p>\n<p>A observa\u00e7\u00e3o surgiu a prop\u00f3sito da<strong> aproxima\u00e7\u00e3o de Liliana a F\u00e1bio<\/strong>. Desde o primeiro dia, ambos t\u00eam revelado cumplicidade dentro da casa, e o concorrente j\u00e1 admitiu estar <strong>realmente interessado nela<\/strong>, afastando a ideia de que o noivado da jovem fosse um impedimento.<\/p>\n<p><a href=\"https:\/\/tvi.iol.pt\/secretstory\/search?pagina=1&amp;pesquisa=bruna+gomes\" rel=\"nofollow noopener\" target=\"_blank\">Bruna <\/a>destacou, em particular, <strong>a falta de avisos por parte das mulheres da casa<\/strong>: \u00abEu em casa estava a torcer: ser\u00e1 que nenhuma vai avisar, naquele toque de amiga, que j\u00e1 estava a passar dos limites? A menina ficou noiva semana passada, talvez j\u00e1 se tenha esquecido, foi t\u00e3o r\u00e1pido. A vida \u00e9 uma loucura\u00bb, comentou.<\/p>\n<p>Mais \u00e0 frente, <strong>a comentadora refor\u00e7ou a estranheza da situa\u00e7\u00e3o<\/strong>, sublinhando tamb\u00e9m a posi\u00e7\u00e3o de F\u00e1bio: \u00ab\u00c9 constrangedor ver o F\u00e1bio interessado numa pessoa que est\u00e1 comprometida. Eu sabia que isso existia, mas \u00e9 dif\u00edcil de assistir.\u00bb<\/p>\n<p style=\"margin-bottom:11px\">Veja o momento aqui:<\/p>\n<p style=\"margin-bottom:11px\">\u00a0<\/p>\n","protected":false},"excerpt":{"rendered":"Na segunda gala do Secret Story 9, al\u00e9m da condu\u00e7\u00e3o de Cristina Ferreira, a noite contou tamb\u00e9m com&hellip;\n","protected":false},"author":2,"featured_media":81282,"comment_status":"","ping_status":"","sticky":false,"template":"","format":"standard","meta":{"footnotes":""},"categories":[142],"tags":[19230,800,19231,114,115,19229,32,33,151],"class_list":{"0":"post-81281","1":"post","2":"type-post","3":"status-publish","4":"format-standard","5":"has-post-thumbnail","7":"category-tv","8":"tag-analises-tvi","9":"tag-bruna-gomes","10":"tag-debates-casa-dos-segredos","11":"tag-entertainment","12":"tag-entretenimento","13":"tag-opiniao-comentadores","14":"tag-portugal","15":"tag-pt","16":"tag-tv"},"share_on_mastodon":{"url":"","error":""},"_links":{"self":[{"href":"https:\/\/www.europesays.com\/pt\/wp-json\/wp\/v2\/posts\/81281","targetHints":{"allow":["GET"]}}],"collection":[{"href":"https:\/\/www.europesays.com\/pt\/wp-json\/wp\/v2\/posts"}],"about":[{"href":"https:\/\/www.europesays.com\/pt\/wp-json\/wp\/v2\/types\/post"}],"author":[{"embeddable":true,"href":"https:\/\/www.europesays.com\/pt\/wp-json\/wp\/v2\/users\/2"}],"replies":[{"embeddable":true,"href":"https:\/\/www.europesays.com\/pt\/wp-json\/wp\/v2\/comments?post=81281"}],"version-history":[{"count":0,"href":"https:\/\/www.europesays.com\/pt\/wp-json\/wp\/v2\/posts\/81281\/revisions"}],"wp:featuredmedia":[{"embeddable":true,"href":"https:\/\/www.europesays.com\/pt\/wp-json\/wp\/v2\/media\/81282"}],"wp:attachment":[{"href":"https:\/\/www.europesays.com\/pt\/wp-json\/wp\/v2\/media?parent=81281"}],"wp:term":[{"taxonomy":"category","embeddable":true,"href":"https:\/\/www.europesays.com\/pt\/wp-json\/wp\/v2\/categories?post=81281"},{"taxonomy":"post_tag","embeddable":true,"href":"https:\/\/www.europesays.com\/pt\/wp-json\/wp\/v2\/tags?post=81281"}],"curies":[{"name":"wp","href":"https:\/\/api.w.org\/{rel}","templated":true}]}}