{"id":81351,"date":"2025-09-22T05:37:12","date_gmt":"2025-09-22T05:37:12","guid":{"rendered":"https:\/\/www.europesays.com\/pt\/81351\/"},"modified":"2025-09-22T05:37:12","modified_gmt":"2025-09-22T05:37:12","slug":"metade-do-mundo-miope-ate-2050-a-ciencia-diz-que-comeca-na-infancia-r7-entretenimento","status":"publish","type":"post","link":"https:\/\/www.europesays.com\/pt\/81351\/","title":{"rendered":"Metade do mundo m\u00edope at\u00e9 2050? A ci\u00eancia diz que come\u00e7a na inf\u00e2ncia \u2013 R7 Entretenimento"},"content":{"rendered":"<p>Novo estudo liga dieta e uso de telas ao risco crescente de miopia, j\u00e1 considerada epidemia global.<\/p>\n<p><img decoding=\"async\" data-chromatic=\"ignore\" alt=\"\" class=\"c-image\" loading=\"lazy\" src=\"https:\/\/www.europesays.com\/pt\/wp-content\/uploads\/2025\/09\/VQ5GNQAHENCQLHHUJ5AWCUDUNA.jpeg\"  width=\"768\" height=\"1408\"\/>miopia em crian\u00e7as Made with Google AI <\/p>\n<p class=\"dark:base-text-neutral-high-400 base-text-[calc(theme(fontSize.xs)_*_var(--font-size,_1))] base-font-normal base-font-primary base-text-neutral-low-500 base-text-left\">Imagine s\u00f3: em 2050, <b>metade da popula\u00e7\u00e3o mundial<\/b> pode ter miopia, segundo a Organiza\u00e7\u00e3o Mundial da Sa\u00fade. E n\u00e3o \u00e9 s\u00f3 o excesso de telas que entra em campo nessa hist\u00f3ria \u2014 <b>a alimenta\u00e7\u00e3o das crian\u00e7as tem tudo a ver com a sa\u00fade dos olhos<\/b>.<\/p>\n<p class=\"dark:base-text-neutral-high-400 base-text-[calc(theme(fontSize.xs)_*_var(--font-size,_1))] base-font-normal base-font-primary base-text-neutral-low-500 base-text-left\">Um estudo publicado no British Journal of Ophthalmology analisou <b>1005 crian\u00e7as chinesas de 6 a 8 anos<\/b> e mostrou que o consumo regular de alimentos ricos em <b>\u00f4mega 3<\/b> \u2014 como <b>peixes gordos (salm\u00e3o, sardinha, bacalhau)<\/b>, <b>algas<\/b> e <b>nozes<\/b> \u2014 diminui o risco de desenvolver miopia, principal causa de defici\u00eancia visual na inf\u00e2ncia.<\/p>\n<p class=\"dark:base-text-neutral-high-400 base-text-[calc(theme(fontSize.xs)_*_var(--font-size,_1))] base-font-normal base-font-primary base-text-neutral-low-500 base-text-left\">Por outro lado, <b>gorduras saturadas<\/b>, t\u00e3o presentes em salgadinhos e ultraprocessados, aumentam significativamente esse risco. No final da pesquisa, <b>27,5%<\/b> das crian\u00e7as avaliadas j\u00e1 tinham miopia, e o problema foi <b>25% mais prevalente<\/b> entre aquelas com dieta rica em gorduras ruins. O comprimento axial dos olhos (uma medida importante para identificar miopia) tamb\u00e9m era maior nesse grupo.<\/p>\n<p><b>O vil\u00e3o digital: telas em excesso<\/b><\/p>\n<p class=\"dark:base-text-neutral-high-400 base-text-[calc(theme(fontSize.xs)_*_var(--font-size,_1))] base-font-normal base-font-primary base-text-neutral-low-500 base-text-left\">Para o oftalmologista <b>Le\u00f4ncio Queiroz Neto<\/b>, membro fundador da ABRACMO e diretor do Instituto Penido Burnier, <b>as telas s\u00e3o o maior inimigo da vis\u00e3o infantil hoje<\/b>:<\/p>\n<p class=\"dark:base-text-neutral-high-400 base-text-[calc(theme(fontSize.xs)_*_var(--font-size,_1))] base-font-normal base-font-primary base-text-neutral-low-500 base-text-left\">\u201cTodo cuidado \u00e9 pouco at\u00e9 os 8 anos. Os m\u00fasculos ciliares, que ajustam o foco dos olhos, ainda est\u00e3o em desenvolvimento. O abuso das telas pode causar espasmos, for\u00e7ando o olho a focar apenas de perto.\u201d<\/p>\n<p class=\"dark:base-text-neutral-high-400 base-text-[calc(theme(fontSize.xs)_*_var(--font-size,_1))] base-font-normal base-font-primary base-text-neutral-low-500 base-text-left\">A situa\u00e7\u00e3o \u00e9 t\u00e3o s\u00e9ria que <b>1 em cada 3 crian\u00e7as de 3 a 5 anos ultrapassa o limite recomendado pela OMS de 1 hora di\u00e1ria de tela<\/b>. H\u00e1 at\u00e9 relatos de <b>beb\u00eas menores de 2 anos<\/b> grudados em celulares \u2014 e isso pode prejudicar at\u00e9 o desenvolvimento da fala.<\/p>\n<p><b>Como proteger os olhos das crian\u00e7as<\/b><\/p>\n<ul class=\"b-article-body__list-unordered\">\n<li><b>Inclua \u00f4mega 3 na dieta<\/b>: peixes gordos, nozes e algas ajudam a fortalecer a esclera (a parte branca do olho) e melhoram a circula\u00e7\u00e3o ocular.<\/li>\n<li><b>Evite gorduras saturadas e excesso de a\u00e7\u00facar<\/b>: al\u00e9m de aumentar o risco de miopia, prejudicam a sa\u00fade geral.<\/li>\n<li><b>Controle o tempo de tela<\/b>: especialmente at\u00e9 os 8 anos, respeitando o limite da OMS.<\/li>\n<li><b>Priorize atividades ao ar livre<\/b>: exposi\u00e7\u00e3o \u00e0 luz natural ajuda a prevenir o alongamento do globo ocular.<\/li>\n<li><b>Fique de olho nos sinais<\/b>: dificuldade para enxergar \u00e0 dist\u00e2ncia, apertar os olhos ou chegar muito perto da TV pode indicar problemas.<\/li>\n<\/ul>\n<p><b>Resumo do Meu Umbigo<\/b><\/p>\n<p class=\"dark:base-text-neutral-high-400 base-text-[calc(theme(fontSize.xs)_*_var(--font-size,_1))] base-font-normal base-font-primary base-text-neutral-low-500 base-text-left\">Os olhos das crian\u00e7as s\u00e3o delicados e ainda est\u00e3o \u201cem constru\u00e7\u00e3o\u201d. O combo <b>telas demais + salgadinhos e doces em excesso<\/b> pode ser um gol contra para a vis\u00e3o. Mas a boa not\u00edcia \u00e9 que, com uma dieta rica em <b>\u00f4mega 3<\/b>, menos a\u00e7\u00facar, brincadeiras ao ar livre e modera\u00e7\u00e3o com telas, d\u00e1 para driblar essa epidemia silenciosa de miopia. E quem n\u00e3o quer ver seus pequenos enxergando o mundo com toda nitidez?<\/p>\n<p class=\"dark:base-text-neutral-high-400 base-text-[calc(theme(fontSize.xs)_*_var(--font-size,_1))] base-font-normal base-font-primary base-text-neutral-low-500 base-text-left\">Quer que eu crie tamb\u00e9m <b>um t\u00edtulo provocativo para redes sociais<\/b> (por exemplo: \u201c\u00d4mega 3 pode salvar a vis\u00e3o do seu filho \u2014 e as telas s\u00e3o o maior inimigo\u201d)?<\/p>\n<p class=\"dark:base-text-neutral-high-400 base-text-[calc(theme(fontSize.xs)_*_var(--font-size,_1))] base-font-normal base-font-primary base-text-neutral-low-500 base-text-left\">Gostou? compartilha com as pessoas que t\u00eam pequenos com a alimenta\u00e7\u00e3o beeem ruim<\/p>\n<p class=\"dark:base-text-neutral-high-400 base-text-[calc(theme(fontSize.xs)_*_var(--font-size,_1))] base-font-normal base-font-primary base-text-neutral-low-500 base-text-left\">Beijos e at\u00e9 o pr\u00f3ximo texto<\/p>\n<p class=\"dark:base-text-neutral-high-400 base-text-[calc(theme(fontSize.xs)_*_var(--font-size,_1))] base-font-normal base-font-primary base-text-neutral-low-500 base-text-left\">\u2705<b>Fique por dentro das principais not\u00edcias do dia no Brasil e no mundo.<\/b><a href=\"https:\/\/whatsapp.com\/channel\/0029Va6eEELGZNCyryabmO1m\" rel=\"nofollow noopener\" target=\"_blank\"><b> Siga o canal do R7<\/b><\/a><b>, o portal de not\u00edcias da Record, no WhatsApp<\/b><\/p>\n<p>Os textos aqui publicados <strong>n\u00e3o refletem<\/strong> necessariamente a opini\u00e3o do<strong> Grupo Record<\/strong>.<\/p>\n","protected":false},"excerpt":{"rendered":"Novo estudo liga dieta e uso de telas ao risco crescente de miopia, j\u00e1 considerada epidemia global. miopia&hellip;\n","protected":false},"author":2,"featured_media":81352,"comment_status":"","ping_status":"","sticky":false,"template":"","format":"standard","meta":{"footnotes":""},"categories":[86],"tags":[1031,116,32,33,117],"class_list":{"0":"post-81351","1":"post","2":"type-post","3":"status-publish","4":"format-standard","5":"has-post-thumbnail","7":"category-saude","8":"tag-autocuidado","9":"tag-health","10":"tag-portugal","11":"tag-pt","12":"tag-saude"},"share_on_mastodon":{"url":"","error":""},"_links":{"self":[{"href":"https:\/\/www.europesays.com\/pt\/wp-json\/wp\/v2\/posts\/81351","targetHints":{"allow":["GET"]}}],"collection":[{"href":"https:\/\/www.europesays.com\/pt\/wp-json\/wp\/v2\/posts"}],"about":[{"href":"https:\/\/www.europesays.com\/pt\/wp-json\/wp\/v2\/types\/post"}],"author":[{"embeddable":true,"href":"https:\/\/www.europesays.com\/pt\/wp-json\/wp\/v2\/users\/2"}],"replies":[{"embeddable":true,"href":"https:\/\/www.europesays.com\/pt\/wp-json\/wp\/v2\/comments?post=81351"}],"version-history":[{"count":0,"href":"https:\/\/www.europesays.com\/pt\/wp-json\/wp\/v2\/posts\/81351\/revisions"}],"wp:featuredmedia":[{"embeddable":true,"href":"https:\/\/www.europesays.com\/pt\/wp-json\/wp\/v2\/media\/81352"}],"wp:attachment":[{"href":"https:\/\/www.europesays.com\/pt\/wp-json\/wp\/v2\/media?parent=81351"}],"wp:term":[{"taxonomy":"category","embeddable":true,"href":"https:\/\/www.europesays.com\/pt\/wp-json\/wp\/v2\/categories?post=81351"},{"taxonomy":"post_tag","embeddable":true,"href":"https:\/\/www.europesays.com\/pt\/wp-json\/wp\/v2\/tags?post=81351"}],"curies":[{"name":"wp","href":"https:\/\/api.w.org\/{rel}","templated":true}]}}