{"id":81355,"date":"2025-09-22T05:51:04","date_gmt":"2025-09-22T05:51:04","guid":{"rendered":"https:\/\/www.europesays.com\/pt\/81355\/"},"modified":"2025-09-22T05:51:04","modified_gmt":"2025-09-22T05:51:04","slug":"como-cera-de-ouvido-pode-ajudar-na-deteccao-precoce-do-cancer","status":"publish","type":"post","link":"https:\/\/www.europesays.com\/pt\/81355\/","title":{"rendered":"Como cera de ouvido pode ajudar na detec\u00e7\u00e3o precoce do c\u00e2ncer"},"content":{"rendered":"\n<p>Estudo conduzido pela UFG (Universidade Federal de Goi\u00e1s) revela que a cera de ouvido pode trazer\u00a0<strong class=\"group-[.isActiveSource]:text-xl group-[.isActiveSource]:font-bold\">resultados promissores<\/strong>\u00a0para antecipar o diagn\u00f3stico de risco de c\u00e2ncer<\/p>\n<p class=\"my-5 break-words group-[.isActiveSource]:text-xl\">De acordo com as evid\u00eancias, a cera acumulada no ouvido tem valor cient\u00edfico que pode indicar<strong class=\"group-[.isActiveSource]:text-xl group-[.isActiveSource]:font-bold\">\u00a0altera\u00e7\u00f5es de sa\u00fade<\/strong>\u00a0antes do surgimento do tumor.<\/p>\n<p class=\"my-5 break-words group-[.isActiveSource]:text-xl\">A import\u00e2ncia deste ganho cient\u00edfico, segundo o doutor em qu\u00edmica Jo\u00e3o Marcos Gon\u00e7alves Barbosa, est\u00e1 na<strong class=\"group-[.isActiveSource]:text-xl group-[.isActiveSource]:font-bold\">\u00a0luta contra o rel\u00f3gio<\/strong>. &#8220;Tempo \u00e9 um fator crucial no diagn\u00f3stico de c\u00e2ncer. Quanto mais precoce a manifesta\u00e7\u00e3o oncol\u00f3gica \u00e9 detectada no organismo, maiores s\u00e3o as chances de uma interven\u00e7\u00e3o cl\u00ednica que leve \u00e0 remiss\u00e3o completa da doen\u00e7a tumoral.&#8221;<\/p>\n<p><strong>Respostas para outras doen\u00e7as<\/strong><\/p>\n<p>Idealizado h\u00e1 dez anos pelo professor Nelson Roberto Antoniosi Filho, o\u00a0projeto Cer\u00famen\u00a0tem proporcionado conquistas promissoras para o futuro de tratamentos\u00a0n\u00e3o apenas do c\u00e2ncer, mas tamb\u00e9m de doen\u00e7as como o\u00a0diabetes. &#8220;Tal projeto busca desenvolver abordagens diagn\u00f3sticas inovadoras utilizando o cer\u00famen para abordar doen\u00e7as metab\u00f3licas e se encontra em fase de desenvolvimento para outras doen\u00e7as neurodegenerativas&#8221;.<\/p>\n<p>A iniciativa, que recebeu men\u00e7\u00e3o honrosa no\u00a0Pr\u00eamio Capes de Tese 2025, \u00e9 realizada em parceria com o Hospital Amaral Carvalho, em Ja\u00fa (SP), especializado no\u00a0tratamento do c\u00e2ncer.<\/p>\n<p>Barbosa ressalta que o m\u00e9todo abre novos caminhos para a\u00a0medicina cient\u00edfica\u00a0e amplia o conhecimento na investiga\u00e7\u00e3o da doen\u00e7a. &#8220;A relev\u00e2ncia cient\u00edfica e social do trabalho \u00e9 evidente no impacto direto que o m\u00e9todo desenvolvido pode levar ao bem-estar e \u00e0 sa\u00fade da popula\u00e7\u00e3o, j\u00e1 que envolve estrat\u00e9gias de diagn\u00f3stico precoces e acess\u00edveis para uma das maiores causas de mortalidade do mundo, o c\u00e2ncer&#8221;.<\/p>\n<p><strong>Testes indicam precis\u00e3o no diagn\u00f3stico<\/strong><\/p>\n<p>O estudo coletou amostras de cera de ouvido de\u00a0751 volunt\u00e1rios. Desses, 220 n\u00e3o tinham diagn\u00f3stico de c\u00e2ncer e, em cinco casos, a an\u00e1lise identificou subst\u00e2ncias at\u00edpicas que serviram como ind\u00edcios da doen\u00e7a.<\/p>\n<p>Esses cinco volunt\u00e1rios foram submetidos a exames convencionais que, posteriormente, confirmaram o\u00a0diagn\u00f3stico de c\u00e2ncer.<\/p>\n<p>Os outros 531 participantes j\u00e1 estavam em tratamento oncol\u00f3gico. O teste da cera de ouvido conseguiu identificar a doen\u00e7a em 100% deles.<\/p>\n","protected":false},"excerpt":{"rendered":"Estudo conduzido pela UFG (Universidade Federal de Goi\u00e1s) revela que a cera de ouvido pode trazer\u00a0resultados promissores\u00a0para antecipar&hellip;\n","protected":false},"author":2,"featured_media":81356,"comment_status":"","ping_status":"","sticky":false,"template":"","format":"standard","meta":{"footnotes":""},"categories":[86],"tags":[20850,1776,20851,20853,1027,1128,529,1347,116,20856,20849,20855,20857,13029,32,4108,33,20852,117,605,1130,20854],"class_list":{"0":"post-81355","1":"post","2":"type-post","3":"status-publish","4":"format-standard","5":"has-post-thumbnail","7":"category-saude","8":"tag-alteracoes","9":"tag-cancer","10":"tag-cera","11":"tag-cerumen","12":"tag-diabetes","13":"tag-diagnostico","14":"tag-doencas","15":"tag-estudo","16":"tag-health","17":"tag-hospital-amaral-carvalho","18":"tag-intervencao","19":"tag-jau","20":"tag-neurodegenerativas","21":"tag-ouvido","22":"tag-portugal","23":"tag-projeto","24":"tag-pt","25":"tag-remissao","26":"tag-saude","27":"tag-tempo","28":"tag-tratamento","29":"tag-universidade-federal-de-goias"},"share_on_mastodon":{"url":"","error":""},"_links":{"self":[{"href":"https:\/\/www.europesays.com\/pt\/wp-json\/wp\/v2\/posts\/81355","targetHints":{"allow":["GET"]}}],"collection":[{"href":"https:\/\/www.europesays.com\/pt\/wp-json\/wp\/v2\/posts"}],"about":[{"href":"https:\/\/www.europesays.com\/pt\/wp-json\/wp\/v2\/types\/post"}],"author":[{"embeddable":true,"href":"https:\/\/www.europesays.com\/pt\/wp-json\/wp\/v2\/users\/2"}],"replies":[{"embeddable":true,"href":"https:\/\/www.europesays.com\/pt\/wp-json\/wp\/v2\/comments?post=81355"}],"version-history":[{"count":0,"href":"https:\/\/www.europesays.com\/pt\/wp-json\/wp\/v2\/posts\/81355\/revisions"}],"wp:featuredmedia":[{"embeddable":true,"href":"https:\/\/www.europesays.com\/pt\/wp-json\/wp\/v2\/media\/81356"}],"wp:attachment":[{"href":"https:\/\/www.europesays.com\/pt\/wp-json\/wp\/v2\/media?parent=81355"}],"wp:term":[{"taxonomy":"category","embeddable":true,"href":"https:\/\/www.europesays.com\/pt\/wp-json\/wp\/v2\/categories?post=81355"},{"taxonomy":"post_tag","embeddable":true,"href":"https:\/\/www.europesays.com\/pt\/wp-json\/wp\/v2\/tags?post=81355"}],"curies":[{"name":"wp","href":"https:\/\/api.w.org\/{rel}","templated":true}]}}