{"id":81368,"date":"2025-09-22T06:15:19","date_gmt":"2025-09-22T06:15:19","guid":{"rendered":"https:\/\/www.europesays.com\/pt\/81368\/"},"modified":"2025-09-22T06:15:19","modified_gmt":"2025-09-22T06:15:19","slug":"danca-dos-famosos-participante-da-show-e-assume-vice-lideranca-veja-classificacao","status":"publish","type":"post","link":"https:\/\/www.europesays.com\/pt\/81368\/","title":{"rendered":"Dan\u00e7a dos Famosos: participante d\u00e1 show e assume vice-lideran\u00e7a; veja classifica\u00e7\u00e3o"},"content":{"rendered":"<p>                        <img width=\"944\" height=\"531\" src=\"https:\/\/www.europesays.com\/pt\/wp-content\/uploads\/2025\/09\/Danca-dos-Famosos-domingo-21-de-setembro-de-2025-944x531.jpg\" class=\"attachment-custom-large size-custom-large article-featured-image\" alt=\"Dan\u00e7a dos Famosos domingo 21 de setembro de 2025\" fetchpriority=\"high\" decoding=\"async\"  \/><\/p>\n<p>Nicole Bahls e Fernando Perroti foram os destaques da noite (Foto: Reprodu\u00e7\u00e3o, TV Globo)<\/p>\n<p>O zouk foi o ritmo da Dan\u00e7a dos Famosos 2025 deste domingo (21). O grupo A se apresentou com Allan Souza Lima, Manu Bahtid\u00e3o, Luan Pereira, Wanessa Camargo, Lucas Leto e Nicole Bahls. Ludmilla e Bruna eram as convidadas do j\u00fari art\u00edstico.<\/p>\n<p>Continua depois da publicidade<\/p>\n<p>Nicole Bahls foi o grande destaque da noite, que se apresentou ao lado do professor Fernando Perroti e dan\u00e7ou muito bem o zouk, ganhando elogios dos jurados t\u00e9cnicos e sendo ovacionada pela plateia. Com a noite de hoje, Nicole assumiu a lideran\u00e7a do grupo A.<\/p>\n<p><strong><a href=\"https:\/\/www.nsctotal.com.br\/noticias\/vote-quem-voce-quer-que-ganhe-o-danca-dos-famosos-2025\" target=\"_blank\" rel=\"noreferrer noopener nofollow\">VOTE: quem voc\u00ea quer que ganhe o Dan\u00e7a dos Famosos 2025?<\/a><\/strong><\/p>\n<p>Confira os participantes do Dan\u00e7a dos Famosos 20251<\/p>\n<p>VoltarAvan\u00e7ar<\/p>\n<p><img loading=\"lazy\" decoding=\"async\" width=\"1200\" height=\"675\" data-id=\"7598772\" src=\"https:\/\/www.europesays.com\/pt\/wp-content\/uploads\/2025\/08\/1754869575_58_Confira-os-participantes-do-Danca-dos-Famosos-2025-5.jpg\" alt=\"Confira os participantes do Dan\u00e7a dos Famosos 2025 \" class=\"wp-image-7598772\"  \/><\/p>\n<p>Silvero Pereira (Foto: Leo Rosario, Globo)<\/p>\n<p><img loading=\"lazy\" decoding=\"async\" width=\"1200\" height=\"675\" data-id=\"7598774\" src=\"https:\/\/www.europesays.com\/pt\/wp-content\/uploads\/2025\/08\/Confira-os-participantes-do-Danca-dos-Famosos-2025-6.jpg\" alt=\"\" class=\"wp-image-7598774\"  \/><\/p>\n<p>Duda Santos (Foto: Leo Rosario, Globo)<\/p>\n<p><img loading=\"lazy\" decoding=\"async\" width=\"1200\" height=\"675\" data-id=\"7598775\" src=\"https:\/\/www.europesays.com\/pt\/wp-content\/uploads\/2025\/08\/1754869578_906_Confira-os-participantes-do-Danca-dos-Famosos-2025-7.jpg\" alt=\"Confira os participantes do Dan\u00e7a dos Famosos 2025 \" class=\"wp-image-7598775\"  \/><\/p>\n<p>Wanessa (Foto: Leo Rosario, Globo)<\/p>\n<p><img loading=\"lazy\" decoding=\"async\" width=\"1200\" height=\"675\" data-id=\"7598776\" src=\"https:\/\/www.europesays.com\/pt\/wp-content\/uploads\/2025\/08\/1754869578_235_Confira-os-participantes-do-Danca-dos-Famosos-2025-8.jpg\" alt=\"\" class=\"wp-image-7598776\"  \/><\/p>\n<p>\u00c1lvaro (Foto: Leo Rosario, Globo)<\/p>\n<p><img loading=\"lazy\" decoding=\"async\" width=\"1200\" height=\"675\" data-id=\"7598777\" src=\"https:\/\/www.europesays.com\/pt\/wp-content\/uploads\/2025\/08\/1754869578_143_Confira-os-participantes-do-Danca-dos-Famosos-2025-9.jpg\" alt=\"Confira os participantes do Dan\u00e7a dos Famosos 2025 \" class=\"wp-image-7598777\"  \/><\/p>\n<p>Tereza Seiblitz (Foto: Leo Rosario, Globo)<\/p>\n<p><img loading=\"lazy\" decoding=\"async\" width=\"1200\" height=\"675\" data-id=\"7598778\" src=\"https:\/\/www.europesays.com\/pt\/wp-content\/uploads\/2025\/08\/1754869578_538_Confira-os-participantes-do-Danca-dos-Famosos-2025-10.jpg\" alt=\"\" class=\"wp-image-7598778\"  \/><\/p>\n<p>Rodrigo Faro (Foto: Leo Rosario, Globo)<\/p>\n<p><img loading=\"lazy\" decoding=\"async\" width=\"1200\" height=\"675\" data-id=\"7598779\" src=\"https:\/\/www.europesays.com\/pt\/wp-content\/uploads\/2025\/08\/1754869579_496_Confira-os-participantes-do-Danca-dos-Famosos-2025-11.jpg\" alt=\"Confira os participantes do Dan\u00e7a dos Famosos 2025 \" class=\"wp-image-7598779\"  \/><\/p>\n<p>Gracyanne Barbosa (Foto: Leo Rosario, Globo)<\/p>\n<p><img loading=\"lazy\" decoding=\"async\" width=\"1200\" height=\"675\" data-id=\"7598785\" src=\"https:\/\/www.europesays.com\/pt\/wp-content\/uploads\/2025\/08\/1754869579_746_Confira-os-participantes-do-Danca-dos-Famosos-2025-2.jpg\" alt=\"\" class=\"wp-image-7598785\"  \/><\/p>\n<p>Nicole Bahls (Foto: Leo Rosario, Globo)<\/p>\n<p><img loading=\"lazy\" decoding=\"async\" width=\"1200\" height=\"675\" data-id=\"7598780\" src=\"https:\/\/www.europesays.com\/pt\/wp-content\/uploads\/2025\/08\/1754869579_775_Confira-os-participantes-do-Danca-dos-Famosos-2025-12.jpg\" alt=\"Confira os participantes do Dan\u00e7a dos Famosos 2025 \" class=\"wp-image-7598780\"  \/><\/p>\n<p>Luan Pereira (Foto: Leo Rosario, Globo)<\/p>\n<p><img loading=\"lazy\" decoding=\"async\" width=\"1200\" height=\"675\" data-id=\"7598786\" src=\"https:\/\/www.europesays.com\/pt\/wp-content\/uploads\/2025\/08\/1754869579_165_Confira-os-participantes-do-Danca-dos-Famosos-2025-3.jpg\" alt=\"\" class=\"wp-image-7598786\"  \/><\/p>\n<p>David Junior (Foto: Leo Rosario, Globo)<\/p>\n<p><img loading=\"lazy\" decoding=\"async\" width=\"1200\" height=\"675\" data-id=\"7598787\" src=\"https:\/\/www.europesays.com\/pt\/wp-content\/uploads\/2025\/08\/Confira-os-participantes-do-Danca-dos-Famosos-2025-4.jpg\" alt=\"Confira os participantes do Dan\u00e7a dos Famosos 2025 \" class=\"wp-image-7598787\"  \/><\/p>\n<p>Allan Souza Lima (Foto: Leo Rosario, Globo)<\/p>\n<p><img loading=\"lazy\" decoding=\"async\" width=\"1200\" height=\"675\" data-id=\"7598788\" src=\"https:\/\/www.europesays.com\/pt\/wp-content\/uploads\/2025\/08\/Confira-os-participantes-do-Danca-dos-Famosos-2025-1.jpg\" alt=\"\" class=\"wp-image-7598788\"  \/><\/p>\n<p>Manu Bahtid\u00e3o (Foto: Leo Rosario, Globo)<\/p>\n<p><img loading=\"lazy\" decoding=\"async\" width=\"1200\" height=\"675\" data-id=\"7615694\" src=\"https:\/\/www.europesays.com\/pt\/wp-content\/uploads\/2025\/09\/Confira-os-participantes-do-Danca-dos-Famosos-2025-2-1.jpg\" alt=\"\" class=\"wp-image-7615694\"  \/><\/p>\n<p>C\u00e1tia Fonseca (Foto: Leo Rosario, Globo)<\/p>\n<p><img loading=\"lazy\" decoding=\"async\" width=\"1200\" height=\"675\" data-id=\"7615697\" src=\"https:\/\/www.europesays.com\/pt\/wp-content\/uploads\/2025\/09\/Confira-os-participantes-do-Danca-dos-Famosos-2025-3-1.jpg\" alt=\"\" class=\"wp-image-7615697\"  \/><\/p>\n<p>Fernanda Paes Leme (Foto: Leo Rosario, Globo)<\/p>\n<p><img loading=\"lazy\" decoding=\"async\" width=\"1200\" height=\"675\" data-id=\"7615695\" src=\"https:\/\/www.europesays.com\/pt\/wp-content\/uploads\/2025\/09\/Confira-os-participantes-do-Danca-dos-Famosos-2025-4-1.jpg\" alt=\"\" class=\"wp-image-7615695\"  \/><\/p>\n<p>Lucas Leto (Foto: Leo Rosario, Globo)<\/p>\n<p><img loading=\"lazy\" decoding=\"async\" width=\"1200\" height=\"675\" data-id=\"7615696\" src=\"https:\/\/www.europesays.com\/pt\/wp-content\/uploads\/2025\/09\/Confira-os-participantes-do-Danca-dos-Famosos-2025-16.jpg\" alt=\"\" class=\"wp-image-7615696\"  \/><\/p>\n<p>Richarlyson (Foto: Leo Rosario, Globo)<\/p>\n<p>Continua depois da publicidade<\/p>\n<p>Confira as notas de cada dupla do Dan\u00e7a dos Famosos 2025Allan Souza Lima e Gabe Cardoso<\/p>\n<ul class=\"wp-block-list\">\n<li><strong>Ludmilla e Bruna<\/strong> \u2013 10<\/li>\n<li><strong>Milton Cunha<\/strong> \u2013 9,9<\/li>\n<li><strong>Ana Botafogo<\/strong> \u2013 8,7<\/li>\n<li><strong>Carlinhos de Jesus<\/strong> \u2013 8,6<\/li>\n<li><strong>Zebrinha<\/strong> \u2013 8,6<\/li>\n<li><strong>Plateia<\/strong> \u2013 9,5<\/li>\n<\/ul>\n<p>Manu Bahtid\u00e3o e Heron Leal<\/p>\n<ul class=\"wp-block-list\">\n<li><strong>Ludmilla e Bruna<\/strong> \u2013 10<\/li>\n<li><strong>Milton Cunha<\/strong> \u2013 10<\/li>\n<li><strong>Ana Botafogo<\/strong> \u2013 8,7<\/li>\n<li><strong>Carlinhos de Jesus<\/strong> \u2013 8,7<\/li>\n<li><strong>Zebrinha<\/strong> \u2013 8,7<\/li>\n<li><strong>Plateia<\/strong> \u2013 9,6<\/li>\n<\/ul>\n<p>Luan Pereira e Mariana Fernandes<\/p>\n<ul class=\"wp-block-list\">\n<li><strong>Ludmilla e Bruna<\/strong> \u2013 10<\/li>\n<li><strong>Milton Cunha<\/strong> \u2013 9,7<\/li>\n<li><strong>Ana Botafogo<\/strong> \u2013 8,5<\/li>\n<li><strong>Carlinhos de Jesus<\/strong> \u2013 8,5<\/li>\n<li><strong>Zebrinha<\/strong> \u2013 8,4<\/li>\n<li><strong>Plateia<\/strong> \u2013 9,3<\/li>\n<\/ul>\n<p>Continua depois da publicidade<\/p>\n<p>Wanessa Camargo e Diego Bas\u00edlio <\/p>\n<ul class=\"wp-block-list\">\n<li><strong>Ludmilla e Bruna<\/strong> \u2013 10<\/li>\n<li><strong>Milton Cunha<\/strong> \u2013 10<\/li>\n<li><strong>Ana Botafogo<\/strong> \u2013 8,5<\/li>\n<li><strong>Carlinhos de Jesus<\/strong> \u2013 8,6<\/li>\n<li><strong>Zebrinha<\/strong> \u2013 8,5<\/li>\n<li><strong>Plateia<\/strong> \u2013 9,8<\/li>\n<\/ul>\n<p>Lucas Leto e Mayara Ara\u00fajo<\/p>\n<ul class=\"wp-block-list\">\n<li><strong>Ludmilla e Bruna<\/strong> \u2013 10<\/li>\n<li><strong>Milton Cunha<\/strong> \u2013 9,8<\/li>\n<li><strong>Ana Botafogo<\/strong> \u2013 8,6<\/li>\n<li><strong>Carlinhos de Jesus<\/strong> \u2013 8,6<\/li>\n<li><strong>Zebrinha<\/strong> \u2013 8,6<\/li>\n<li><strong>Plateia<\/strong> \u2013 9,8<\/li>\n<\/ul>\n<p>\u00c1lvaro e Mariana Torres<\/p>\n<ul class=\"wp-block-list\">\n<li><strong>Ludmilla e Bruna<\/strong> \u2013 10<\/li>\n<li><strong>Milton Cunha<\/strong> \u2013 10<\/li>\n<li><strong>Ana Botafogo<\/strong> \u2013 8,5<\/li>\n<li><strong>Carlinhos de Jesus<\/strong> \u2013 8,5<\/li>\n<li><strong>Zebrinha<\/strong> \u2013 8,5<\/li>\n<li><strong>Plateia<\/strong> \u2013 9,4<\/li>\n<\/ul>\n<p>Continua depois da publicidade<\/p>\n<p>Nicole Bahls e Fernando Perrotti<\/p>\n<ul class=\"wp-block-list\">\n<li><strong>Ludmilla e Bruna<\/strong> \u2013 10<\/li>\n<li><strong>Milton Cunha<\/strong> \u2013 10<\/li>\n<li><strong>Ana Botafogo<\/strong> \u2013 8,7<\/li>\n<li><strong>Carlinhos de Jesus<\/strong> \u2013 8,6<\/li>\n<li><strong>Zebrinha<\/strong> \u2013 8,7<\/li>\n<li><strong>Plateia<\/strong> \u2013 9,8<\/li>\n<\/ul>\n<p>Veja como ficou a classifica\u00e7\u00e3o <\/p>\n<ul class=\"wp-block-list\">\n<li>Manu Bahtid\u00e3o e Heron Leal \u2013 111,3<\/li>\n<li>Nicole Bahls e Fernando Perrotti \u2013 111,1<\/li>\n<li>Allan Souza Lima e Gabe Cardoso \u2013 110,9<\/li>\n<li>Lucas Leto e Mayara Araujo \u2013 110.6<\/li>\n<li>Wanessa Camargo e Diego Bas\u00edlio \u2013 110,2<\/li>\n<li>Alvaro e Mariana Torres \u2013 109,1<\/li>\n<li>Luan Pereira e Mariana Fernandes \u2013 108,3<\/li>\n<\/ul>\n<p><strong><a href=\"https:\/\/www.nsctotal.com.br\/noticias\/como-e-a-casa-de-nicole-bahls-do-danca-dos-famosos\" target=\"_blank\" rel=\"noreferrer noopener nofollow\">Como \u00e9 a casa de Nicole Bahls do Dan\u00e7a dos Famosos<\/a><\/strong> e <strong><a href=\"https:\/\/www.nsctotal.com.br\/noticias\/de-briga-a-beijo-tudo-que-ja-rolou-nos-bastidores-do-danca-dos-famosos-2025\" target=\"_blank\" rel=\"noreferrer noopener nofollow\">de briga a beijo: tudo que j\u00e1 rolou nos bastidores do Dan\u00e7a dos Famosos 2025<\/a><\/strong>.<\/p>\n<p>Continua depois da publicidade<\/p>\n","protected":false},"excerpt":{"rendered":"Nicole Bahls e Fernando Perroti foram os destaques da noite (Foto: Reprodu\u00e7\u00e3o, TV Globo) O zouk foi o&hellip;\n","protected":false},"author":2,"featured_media":81369,"comment_status":"","ping_status":"","sticky":false,"template":"","format":"standard","meta":{"footnotes":""},"categories":[142],"tags":[114,115,32,33,151,543],"class_list":{"0":"post-81368","1":"post","2":"type-post","3":"status-publish","4":"format-standard","5":"has-post-thumbnail","7":"category-tv","8":"tag-entertainment","9":"tag-entretenimento","10":"tag-portugal","11":"tag-pt","12":"tag-tv","13":"tag-ver-ouvir-ler"},"share_on_mastodon":{"url":"","error":""},"_links":{"self":[{"href":"https:\/\/www.europesays.com\/pt\/wp-json\/wp\/v2\/posts\/81368","targetHints":{"allow":["GET"]}}],"collection":[{"href":"https:\/\/www.europesays.com\/pt\/wp-json\/wp\/v2\/posts"}],"about":[{"href":"https:\/\/www.europesays.com\/pt\/wp-json\/wp\/v2\/types\/post"}],"author":[{"embeddable":true,"href":"https:\/\/www.europesays.com\/pt\/wp-json\/wp\/v2\/users\/2"}],"replies":[{"embeddable":true,"href":"https:\/\/www.europesays.com\/pt\/wp-json\/wp\/v2\/comments?post=81368"}],"version-history":[{"count":0,"href":"https:\/\/www.europesays.com\/pt\/wp-json\/wp\/v2\/posts\/81368\/revisions"}],"wp:featuredmedia":[{"embeddable":true,"href":"https:\/\/www.europesays.com\/pt\/wp-json\/wp\/v2\/media\/81369"}],"wp:attachment":[{"href":"https:\/\/www.europesays.com\/pt\/wp-json\/wp\/v2\/media?parent=81368"}],"wp:term":[{"taxonomy":"category","embeddable":true,"href":"https:\/\/www.europesays.com\/pt\/wp-json\/wp\/v2\/categories?post=81368"},{"taxonomy":"post_tag","embeddable":true,"href":"https:\/\/www.europesays.com\/pt\/wp-json\/wp\/v2\/tags?post=81368"}],"curies":[{"name":"wp","href":"https:\/\/api.w.org\/{rel}","templated":true}]}}