{"id":81411,"date":"2025-09-22T07:26:08","date_gmt":"2025-09-22T07:26:08","guid":{"rendered":"https:\/\/www.europesays.com\/pt\/81411\/"},"modified":"2025-09-22T07:26:08","modified_gmt":"2025-09-22T07:26:08","slug":"revelado-o-plano-de-fabio-para-sujar-a-imagem-de-pedro-ele-pode-sair-secret-story","status":"publish","type":"post","link":"https:\/\/www.europesays.com\/pt\/81411\/","title":{"rendered":"Revelado o plano de F\u00e1bio para \u00absujar a imagem de Pedro\u00bb. \u00abEle pode sair\u00bb &#8211; Secret Story"},"content":{"rendered":"<p>No Secret Story 9, a gala ganhou intensidade quando Cristina Ferreira lan\u00e7ou uma VT que deixou a casa em choque. As imagens exibidas revelaram conversas tensas e colocaram Pedro no centro das aten\u00e7\u00f5es, que ficou visivelmente surpreendido com as duras palavras de F\u00e1bio. Confrontado em direto, F\u00e1bio tentou justificar-se, afirmando que agiu \u00abde certa forma para proteger a Liliana\u00bb.<\/p>\n<p data-end=\"615\" data-start=\"385\">No desenrolar da discuss\u00e3o, F\u00e1bio acabou por assumir, perante todos, que sente interesse por Liliana e at\u00e9 levantou a possibilidade de Pedro partilhar do mesmo sentimento, acrescentando ainda mais fogo \u00e0 pol\u00e9mica dentro da casa.<\/p>\n<p><strong>Na primeira semana do Secret Story &#8211; Casa dos Segredos 9, h\u00e1 quatro concorrentes em risco de abandonar a casa. Hoje um deles vai abandonar a Casa dos Segredos, mais ainda pode votar para SALVAR o seu favorito:<br \/>\u00a0<br \/>BRUNA \u2013 761 20 20 03<br \/>BRUNO MIGUEL \u2013 761 20 20 05<br \/>DYLAN \u2013 761 20 20 07<br \/>PEDRO \u2013 761 20 20 18<\/strong><\/p>\n<p><a href=\"https:\/\/tvi.iol.pt\/secretstory\/aominuto\" wbo-id=\"59\" rel=\"nofollow noopener\" target=\"_blank\">Acompanhe tudo o que se passa na casa do Secret Story ao minuto!<\/a><\/p>\n","protected":false},"excerpt":{"rendered":"No Secret Story 9, a gala ganhou intensidade quando Cristina Ferreira lan\u00e7ou uma VT que deixou a casa&hellip;\n","protected":false},"author":2,"featured_media":81412,"comment_status":"","ping_status":"","sticky":false,"template":"","format":"standard","meta":{"footnotes":""},"categories":[142],"tags":[114,115,19082,19033,19034,14646,32,33,151,19032],"class_list":{"0":"post-81411","1":"post","2":"type-post","3":"status-publish","4":"format-standard","5":"has-post-thumbnail","7":"category-tv","8":"tag-entertainment","9":"tag-entretenimento","10":"tag-fabio","11":"tag-galas-em-video","12":"tag-melhores-momentos-casa-dos-segredos","13":"tag-pedro","14":"tag-portugal","15":"tag-pt","16":"tag-tv","17":"tag-videos-secret-story-tvi"},"share_on_mastodon":{"url":"","error":""},"_links":{"self":[{"href":"https:\/\/www.europesays.com\/pt\/wp-json\/wp\/v2\/posts\/81411","targetHints":{"allow":["GET"]}}],"collection":[{"href":"https:\/\/www.europesays.com\/pt\/wp-json\/wp\/v2\/posts"}],"about":[{"href":"https:\/\/www.europesays.com\/pt\/wp-json\/wp\/v2\/types\/post"}],"author":[{"embeddable":true,"href":"https:\/\/www.europesays.com\/pt\/wp-json\/wp\/v2\/users\/2"}],"replies":[{"embeddable":true,"href":"https:\/\/www.europesays.com\/pt\/wp-json\/wp\/v2\/comments?post=81411"}],"version-history":[{"count":0,"href":"https:\/\/www.europesays.com\/pt\/wp-json\/wp\/v2\/posts\/81411\/revisions"}],"wp:featuredmedia":[{"embeddable":true,"href":"https:\/\/www.europesays.com\/pt\/wp-json\/wp\/v2\/media\/81412"}],"wp:attachment":[{"href":"https:\/\/www.europesays.com\/pt\/wp-json\/wp\/v2\/media?parent=81411"}],"wp:term":[{"taxonomy":"category","embeddable":true,"href":"https:\/\/www.europesays.com\/pt\/wp-json\/wp\/v2\/categories?post=81411"},{"taxonomy":"post_tag","embeddable":true,"href":"https:\/\/www.europesays.com\/pt\/wp-json\/wp\/v2\/tags?post=81411"}],"curies":[{"name":"wp","href":"https:\/\/api.w.org\/{rel}","templated":true}]}}