{"id":81421,"date":"2025-09-22T07:39:04","date_gmt":"2025-09-22T07:39:04","guid":{"rendered":"https:\/\/www.europesays.com\/pt\/81421\/"},"modified":"2025-09-22T07:39:04","modified_gmt":"2025-09-22T07:39:04","slug":"a-bola-de-cristal-que-clarifica-o-ultramar","status":"publish","type":"post","link":"https:\/\/www.europesays.com\/pt\/81421\/","title":{"rendered":"A Bola de Cristal que Clarifica o Ultramar"},"content":{"rendered":"<p>A MAIS BREVE HIST\u00d3RIA DO ULTRAMAR<\/p>\n<p>David Moreira<\/p>\n<p>Ideias de Ler<\/p>\n<p>307 p\u00e1ginas<\/p>\n<p><strong>GUERRILHA<\/strong>. H\u00e1 sempre mais \u201cnovidades\u201d a acrescentar a qualquer epis\u00f3dio da hist\u00f3ria e <strong>Jos\u00e9 Matos decidiu reabrir o dossier na investiga\u00e7\u00e3o da\u00a0<\/strong><strong>Opera\u00e7\u00e3o Mar Verde em Conacri\u00a0<\/strong><strong>sobre uma das maiores opera\u00e7\u00f5es militares das for\u00e7as armadas portuguesas na Guin\u00e9, ou mais exatamente na Rep\u00fablica da Guin\u00e9.<\/strong> Os objetivos descritos em\u00a0Ataque Secreto\u00a0eram v\u00e1rios: libertar militares portugueses presos, destruir equipamento, tentar derrubar o governo de S\u00e9kou Tour\u00e9 atrav\u00e9s de um golpe de estado e deter Am\u00edlcar Cabral. <strong>O governador, o general Sp\u00ednola, entregou a organiza\u00e7\u00e3o e a lideran\u00e7a da opera\u00e7\u00e3o Mar Verde a Alpoim Galv\u00e3o, uma \u201cinvas\u00e3o\u201d muito complexa e com poucas garantias de um sucesso total.<\/strong> Os grupos de assalto, cerca de tr\u00eas centenas de militares que tinham treinado numa ilha perto o ataque e divididos por v\u00e1rios barcos, desembarcam antes do nascer da lua e avan\u00e7am com o corte da energia el\u00e9trica a Conacri\u2026 a progress\u00e3o \u00e9 r\u00e1pida, mas al\u00e9m da liberta\u00e7\u00e3o dos presos portugueses, poucos s\u00e3o os objetivos atingidos. Est\u00e1 tudo contado pelo historiador Jos\u00e9 Matos, com um \u00f3timo enquadramento pol\u00edtico e o recurso a novas fontes.<\/p>\n","protected":false},"excerpt":{"rendered":"A MAIS BREVE HIST\u00d3RIA DO ULTRAMAR David Moreira Ideias de Ler 307 p\u00e1ginas GUERRILHA. H\u00e1 sempre mais \u201cnovidades\u201d&hellip;\n","protected":false},"author":2,"featured_media":81422,"comment_status":"","ping_status":"","sticky":false,"template":"","format":"standard","meta":{"footnotes":""},"categories":[143],"tags":[169,114,115,170,8467,32,33],"class_list":{"0":"post-81421","1":"post","2":"type-post","3":"status-publish","4":"format-standard","5":"has-post-thumbnail","7":"category-livros","8":"tag-books","9":"tag-entertainment","10":"tag-entretenimento","11":"tag-livros","12":"tag-livros-da-semana","13":"tag-portugal","14":"tag-pt"},"share_on_mastodon":{"url":"","error":""},"_links":{"self":[{"href":"https:\/\/www.europesays.com\/pt\/wp-json\/wp\/v2\/posts\/81421","targetHints":{"allow":["GET"]}}],"collection":[{"href":"https:\/\/www.europesays.com\/pt\/wp-json\/wp\/v2\/posts"}],"about":[{"href":"https:\/\/www.europesays.com\/pt\/wp-json\/wp\/v2\/types\/post"}],"author":[{"embeddable":true,"href":"https:\/\/www.europesays.com\/pt\/wp-json\/wp\/v2\/users\/2"}],"replies":[{"embeddable":true,"href":"https:\/\/www.europesays.com\/pt\/wp-json\/wp\/v2\/comments?post=81421"}],"version-history":[{"count":0,"href":"https:\/\/www.europesays.com\/pt\/wp-json\/wp\/v2\/posts\/81421\/revisions"}],"wp:featuredmedia":[{"embeddable":true,"href":"https:\/\/www.europesays.com\/pt\/wp-json\/wp\/v2\/media\/81422"}],"wp:attachment":[{"href":"https:\/\/www.europesays.com\/pt\/wp-json\/wp\/v2\/media?parent=81421"}],"wp:term":[{"taxonomy":"category","embeddable":true,"href":"https:\/\/www.europesays.com\/pt\/wp-json\/wp\/v2\/categories?post=81421"},{"taxonomy":"post_tag","embeddable":true,"href":"https:\/\/www.europesays.com\/pt\/wp-json\/wp\/v2\/tags?post=81421"}],"curies":[{"name":"wp","href":"https:\/\/api.w.org\/{rel}","templated":true}]}}