{"id":81427,"date":"2025-09-22T07:44:10","date_gmt":"2025-09-22T07:44:10","guid":{"rendered":"https:\/\/www.europesays.com\/pt\/81427\/"},"modified":"2025-09-22T07:44:10","modified_gmt":"2025-09-22T07:44:10","slug":"mulheres-ignoram-sinais-de-alerta-para-cancer-de-ovario-22-09-2025-equilibrio-e-saude","status":"publish","type":"post","link":"https:\/\/www.europesays.com\/pt\/81427\/","title":{"rendered":"Mulheres ignoram sinais de alerta para c\u00e2ncer de ov\u00e1rio &#8211; 22\/09\/2025 &#8211; Equil\u00edbrio e Sa\u00fade"},"content":{"rendered":"<p>Por cerca de dez anos, Fl\u00e1via Neves Pereira Manzan, 34, sentiu <a href=\"https:\/\/www1.folha.uol.com.br\/equilibrio\/2025\/04\/seu-intestino-funciona-bem-conheca-sinais-de-alerta-e-saiba-quando-procurar-ajuda.shtml\" rel=\"nofollow noopener\" target=\"\">c\u00f3licas abdominais <\/a>espor\u00e1dicas que foram se intensificando com o passar do tempo. Ela as atribu\u00eda a<a href=\"https:\/\/www1.folha.uol.com.br\/equilibrio\/2025\/07\/por-que-algumas-pessoas-tem-mais-gases-entenda-o-que-eles-revelam-sobre-sua-saude-intestinal.shtml\" rel=\"nofollow noopener\" target=\"\"> gases<\/a>. Em 2022, teve uma crise com dor insuport\u00e1vel que a levou a um diagn\u00f3stico inesperado: <a href=\"https:\/\/www1.folha.uol.com.br\/folha-topicos\/cancer\/\" rel=\"nofollow noopener\" target=\"_blank\">c\u00e2ncer<\/a> de ov\u00e1rio.<\/p>\n<p>Ap\u00f3s passar por tr\u00eas prontos-socorros, onde suspeitaram de apendicite e at\u00e9 gravidez, uma tomografia finalmente identificou um cisto e s\u00f3 depois ela foi examinada por um especialista. &#8220;Os sintomas s\u00e3o inespec\u00edficos, uma sensa\u00e7\u00e3o de gases na barriga. At\u00e9 no pronto-socorro mesmo n\u00e3o v\u00e3o investigar isso a fundo&#8221;, diz. Ela teve que retirar o \u00fatero, o ov\u00e1rio e as trompas, entrando em uma <a href=\"https:\/\/www1.folha.uol.com.br\/equilibrioesaude\/2025\/02\/menopausa-precoce-acomete-mulheres-com-cancer-de-mama.shtml\" rel=\"nofollow noopener\" target=\"\">menopausa precoce<\/a>.<\/p>\n<p>O c\u00e2ncer de ov\u00e1rio \u00e9 o mais letal entre os tumores ginecol\u00f3gicos. Cerca de 70% dos casos s\u00e3o diagnosticados em fase avan\u00e7ada pela falta de rastreamento eficaz e pelos sintomas inespec\u00edficos \u2014aumento abdominal, desconforto p\u00e9lvico, m\u00e1 digest\u00e3o, perda de peso\u2014 facilmente confundidos com problemas digestivos ou infec\u00e7\u00f5es urin\u00e1rias, explica Andrea Paiva Gadelha, coordenadora da oncoginecologia de tumores ginecologicos do Hospital A.C. Camargo Cancer Center.<\/p>\n<p>O ponto principal, afirma a m\u00e9dica, \u00e9 a persist\u00eancia desses sintomas, que deve ser investigada. A doen\u00e7a \u00e9 dif\u00edcil de rastrear porque n\u00e3o existe um exame espec\u00edfico, como a <a href=\"https:\/\/www1.folha.uol.com.br\/equilibrio\/2023\/10\/tudo-o-que-voce-precisa-saber-sobre-mamografia-chave-no-diagnostico-de-cancer-de-mama.shtml\" rel=\"nofollow noopener\" target=\"\">mamografia <\/a>para o <a href=\"https:\/\/www1.folha.uol.com.br\/folha-topicos\/cancer-de-mama\/\" rel=\"nofollow noopener\" target=\"_blank\">c\u00e2ncer de mama<\/a>. Isso, somado a falta de especificidade, explica Marcia Pinheiro, gerente m\u00e9dica da AbbVie para c\u00e2nceres s\u00f3lidos, \u00e9 a principal raz\u00e3o pela qual grande parte dos casos \u00e9 diagnosticada em est\u00e1gios avan\u00e7ados.<\/p>\n<p>A doen\u00e7a acomete principalmente mulheres na p\u00f3s-menopausa e envolve fatores hormonais e reprodutivos, como a menarca precoce \u2014mulheres que menstruaram antes dos 12 anos\u2014, menopausa tardia, infertilidade e nunca ter tido filhos. Cerca de 25%, afirma Gadelha, dos casos est\u00e3o associados a muta\u00e7\u00f5es nos genes BRCA1 e BRCA2, que tamb\u00e9m aumentam o risco de c\u00e2ncer de mama, p\u00e2ncreas e pr\u00f3stata.<\/p>\n<p>Fl\u00e1via tinha casos de c\u00e2ncer na fam\u00edlia, mas n\u00e3o havia investigado a fundo. Inicialmente desencorajada por uma m\u00e9dica devido ao alto custo, ela tentou fazer o teste gen\u00e9tico pelo SUS (Sistema \u00danico de Sa\u00fade) em Goi\u00e1s. Com um novo m\u00e9dico, conseguiu identificar uma variante ATM que faz com que seu organismo tenha mais dificuldades para combater c\u00e9lulas cancer\u00edgenas. O hist\u00f3rico familiar \u00e9 importante tanto para definir a estrat\u00e9gia de tratamento e manuten\u00e7\u00e3o p\u00f3s-quimioterapia para a paciente quanto para o aconselhamento gen\u00e9tico dos familiares, enfatiza Gadelha.<\/p>\n<p>O cen\u00e1rio mudou em 2024 com a implementa\u00e7\u00e3o do programa Goi\u00e1s Todo Rosa, pioneiro em oferecer testes gen\u00e9ticos gratuitos pelo SUS. O projeto \u00e9 realizado em conv\u00eanio com a Universidade Federal de Goi\u00e1s (UFG) \u2014utilizando o Centro de Excel\u00eancia em Gen\u00e9tica Humana da universidade\u2014, e <a href=\"https:\/\/www1.folha.uol.com.br\/equilibrioesaude\/2025\/06\/projeto-com-agentes-de-saude-reduz-em-50-diagnosticos-tardios-de-cancer-de-mama.shtml\" rel=\"nofollow noopener\" target=\"\">capacitou profissionais para identificar riscos<\/a> e oferecer aconselhamento gen\u00e9tico especializado.<\/p>\n<p>&#8220;O Goi\u00e1s Todo Rosa n\u00e3o \u00e9 s\u00f3 a realiza\u00e7\u00e3o do painel gen\u00e9tico, a ideia \u00e9 ter um olhar diferenciado para toda a jornada da paciente, desde a detec\u00e7\u00e3o at\u00e9 o tratamento&#8221;, diz Rosemar Rahal, m\u00e9dica mastologista e professora da UFG.<\/p>\n<p>    Todas<\/p>\n<p class=\"c-newsletter__subtitle\">Discuss\u00f5es, not\u00edcias e reflex\u00f5es pensadas para mulheres<\/p>\n<p>Se o resultado for positivo, a paciente recebe aconselhamento gen\u00e9tico especializado. Nessa etapa, s\u00e3o discutidas as op\u00e7\u00f5es, que incluem acompanhamento rigoroso ou cirurgias redutoras de risco, como mastectomia e salpingo-ooforectomia, seguidas de cirurgias reparadoras, como a reconstru\u00e7\u00e3o mam\u00e1ria.<\/p>\n<p>At\u00e9 agosto de 2025, o programa realizou 571 exames gen\u00e9ticos, com 81 casos positivos. &#8220;\u00c9 uma medida efetiva, eficiente e economicamente vi\u00e1vel. Evita gastos maiores depois do tratamento e reduz mortes evit\u00e1veis&#8221;, afirma o secret\u00e1rio de Sa\u00fade Rasivel Santos.<\/p>\n<p>Outra estrat\u00e9gia, al\u00e9m do teste gen\u00e9tico, \u00e9 a dissemina\u00e7\u00e3o de informa\u00e7\u00e3o e a conscientiza\u00e7\u00e3o sobre a doen\u00e7a. Setembro, por exemplo, foi escolhido como o m\u00eas de conscientiza\u00e7\u00e3o dos c\u00e2nceres ginecol\u00f3gicos no Brasil \u2014o Setembro P\u00farpura ou Setembro Flor.<\/p>\n<p>Segundo Pinheiro, da AbbVie, quando essa doen\u00e7a \u00e9 diagnosticada precocemente, tem 90% de possibilidade de uma boa resolu\u00e7\u00e3o e at\u00e9 de cura. &#8220;A gente precisa jogar um holofote em cima do c\u00e2ncer de ov\u00e1rio. Dentro da investiga\u00e7\u00e3o de dor p\u00e9lvica e dor abdominal, precisa ser pensado tamb\u00e9m o c\u00e2ncer de ov\u00e1rio&#8221;, diz Pinheiro.<\/p>\n<p>Fl\u00e1via levou essa li\u00e7\u00e3o para a vida. Na \u00e9poca do diagn\u00f3stico, ela estudava, trabalhava, cuidava da filha e dos afazeres dom\u00e9sticos e deixou a sa\u00fade em segundo plano. &#8220;N\u00f3s, mulheres, j\u00e1 somos conhecidas como guerreiras, como aquelas que d\u00e3o conta de fazer tudo&#8221;, diz. &#8220;Se a gente coloca muitas tarefas nos nossos dias e n\u00e3o damos import\u00e2ncia a esses pequenos sintomas, quando descobrimos, j\u00e1 est\u00e1 uma coisa imensa&#8221;. Ela afirma que o apoio psicol\u00f3gico foi crucial para sua recupera\u00e7\u00e3o mental e for\u00e7a para tratar a doen\u00e7a.<\/p>\n<p>Ap\u00f3s um per\u00edodo de exames limpos, em janeiro de 2025, Fl\u00e1via descobriu uma recidiva. Dessa vez, fez quimioterapia e depois uma nova cirurgia. A bi\u00f3psia recente ainda mostra resqu\u00edcios da doen\u00e7a, agora em baixo grau, e ela aguarda a defini\u00e7\u00e3o dos pr\u00f3ximos passos.<\/p>\n","protected":false},"excerpt":{"rendered":"Por cerca de dez anos, Fl\u00e1via Neves Pereira Manzan, 34, sentiu c\u00f3licas abdominais espor\u00e1dicas que foram se intensificando&hellip;\n","protected":false},"author":2,"featured_media":81428,"comment_status":"","ping_status":"","sticky":false,"template":"","format":"standard","meta":{"footnotes":""},"categories":[86],"tags":[1776,5960,236,116,2196,1208,3968,32,1494,33,2197,2198,117,896,4483],"class_list":{"0":"post-81427","1":"post","2":"type-post","3":"status-publish","4":"format-standard","5":"has-post-thumbnail","7":"category-saude","8":"tag-cancer","9":"tag-cancer-de-mama","10":"tag-folha","11":"tag-health","12":"tag-leucemia","13":"tag-medicina","14":"tag-mulher","15":"tag-portugal","16":"tag-producao-todas","17":"tag-pt","18":"tag-quimioterapia","19":"tag-radioterapia","20":"tag-saude","21":"tag-saude-publica","22":"tag-sus"},"share_on_mastodon":{"url":"","error":""},"_links":{"self":[{"href":"https:\/\/www.europesays.com\/pt\/wp-json\/wp\/v2\/posts\/81427","targetHints":{"allow":["GET"]}}],"collection":[{"href":"https:\/\/www.europesays.com\/pt\/wp-json\/wp\/v2\/posts"}],"about":[{"href":"https:\/\/www.europesays.com\/pt\/wp-json\/wp\/v2\/types\/post"}],"author":[{"embeddable":true,"href":"https:\/\/www.europesays.com\/pt\/wp-json\/wp\/v2\/users\/2"}],"replies":[{"embeddable":true,"href":"https:\/\/www.europesays.com\/pt\/wp-json\/wp\/v2\/comments?post=81427"}],"version-history":[{"count":0,"href":"https:\/\/www.europesays.com\/pt\/wp-json\/wp\/v2\/posts\/81427\/revisions"}],"wp:featuredmedia":[{"embeddable":true,"href":"https:\/\/www.europesays.com\/pt\/wp-json\/wp\/v2\/media\/81428"}],"wp:attachment":[{"href":"https:\/\/www.europesays.com\/pt\/wp-json\/wp\/v2\/media?parent=81427"}],"wp:term":[{"taxonomy":"category","embeddable":true,"href":"https:\/\/www.europesays.com\/pt\/wp-json\/wp\/v2\/categories?post=81427"},{"taxonomy":"post_tag","embeddable":true,"href":"https:\/\/www.europesays.com\/pt\/wp-json\/wp\/v2\/tags?post=81427"}],"curies":[{"name":"wp","href":"https:\/\/api.w.org\/{rel}","templated":true}]}}