{"id":81439,"date":"2025-09-22T07:56:08","date_gmt":"2025-09-22T07:56:08","guid":{"rendered":"https:\/\/www.europesays.com\/pt\/81439\/"},"modified":"2025-09-22T07:56:08","modified_gmt":"2025-09-22T07:56:08","slug":"luisa-guerreiro-da-vida-a-toxic-avenger-adoro-usar-o-meu-corpo-de-forma-criativa","status":"publish","type":"post","link":"https:\/\/www.europesays.com\/pt\/81439\/","title":{"rendered":"Lu\u00edsa Guerreiro d\u00e1 vida a Toxic Avenger: &#8220;Adoro usar o meu corpo de forma criativa&#8221;"},"content":{"rendered":"<p>Quarenta anos ap\u00f3s o original, a Troma, produtora de filmes de culto de s\u00e9rie Z, recupera o seu her\u00f3i favorito, com &#8220;The Toxic Avenger: a vingan\u00e7a&#8221;. O ator Peter Dinklage \u00e9 agora o pobre empregado de limpeza que, ap\u00f3s um acidente qu\u00edmico, se transforma na figura monstruosa e vingadora. Mas aquilo que poucos sabem \u00e9 que dentro da personagem est\u00e1 uma atriz portuguesa: Lu\u00edsa Guerreiro. \u00c9 performer, especialista em marionetas e est\u00e1 na lista de artistas da c\u00e9lebre companhia Cirque du Soleil. Lu\u00edsa, m\u00e3e madeirense, pai alentejano, conta-nos a singular experi\u00eancia na rodagem do filme &#8211; seis horas por dia na maquilhagem! &#8211; e o calor que sentia dentro do fato do Toxic Avenger.<\/p>\n<p>Como \u00e9 que lhe surgiu esta oportunidade?<\/p>\n","protected":false},"excerpt":{"rendered":"Quarenta anos ap\u00f3s o original, a Troma, produtora de filmes de culto de s\u00e9rie Z, recupera o seu&hellip;\n","protected":false},"author":2,"featured_media":81440,"comment_status":"","ping_status":"","sticky":false,"template":"","format":"standard","meta":{"footnotes":""},"categories":[140],"tags":[1753,470,114,115,741,147,148,146,32,33],"class_list":{"0":"post-81439","1":"post","2":"type-post","3":"status-publish","4":"format-standard","5":"has-post-thumbnail","7":"category-filmes","8":"tag-artes","9":"tag-cinema","10":"tag-entertainment","11":"tag-entretenimento","12":"tag-entrevista","13":"tag-film","14":"tag-filmes","15":"tag-movies","16":"tag-portugal","17":"tag-pt"},"share_on_mastodon":{"url":"","error":""},"_links":{"self":[{"href":"https:\/\/www.europesays.com\/pt\/wp-json\/wp\/v2\/posts\/81439","targetHints":{"allow":["GET"]}}],"collection":[{"href":"https:\/\/www.europesays.com\/pt\/wp-json\/wp\/v2\/posts"}],"about":[{"href":"https:\/\/www.europesays.com\/pt\/wp-json\/wp\/v2\/types\/post"}],"author":[{"embeddable":true,"href":"https:\/\/www.europesays.com\/pt\/wp-json\/wp\/v2\/users\/2"}],"replies":[{"embeddable":true,"href":"https:\/\/www.europesays.com\/pt\/wp-json\/wp\/v2\/comments?post=81439"}],"version-history":[{"count":0,"href":"https:\/\/www.europesays.com\/pt\/wp-json\/wp\/v2\/posts\/81439\/revisions"}],"wp:featuredmedia":[{"embeddable":true,"href":"https:\/\/www.europesays.com\/pt\/wp-json\/wp\/v2\/media\/81440"}],"wp:attachment":[{"href":"https:\/\/www.europesays.com\/pt\/wp-json\/wp\/v2\/media?parent=81439"}],"wp:term":[{"taxonomy":"category","embeddable":true,"href":"https:\/\/www.europesays.com\/pt\/wp-json\/wp\/v2\/categories?post=81439"},{"taxonomy":"post_tag","embeddable":true,"href":"https:\/\/www.europesays.com\/pt\/wp-json\/wp\/v2\/tags?post=81439"}],"curies":[{"name":"wp","href":"https:\/\/api.w.org\/{rel}","templated":true}]}}