{"id":81467,"date":"2025-09-22T08:18:08","date_gmt":"2025-09-22T08:18:08","guid":{"rendered":"https:\/\/www.europesays.com\/pt\/81467\/"},"modified":"2025-09-22T08:18:08","modified_gmt":"2025-09-22T08:18:08","slug":"rafael-leao-lembra-quando-o-benfica-o-deixou-pendurado-rui-costa-pediu-desculpa","status":"publish","type":"post","link":"https:\/\/www.europesays.com\/pt\/81467\/","title":{"rendered":"Rafael Le\u00e3o lembra quando o Benfica o deixou &#8216;pendurado&#8217;: \u00abRui Costa pediu desculpa\u00bb"},"content":{"rendered":"<p style=\"text-align: justify\"><a target=\"_blank\" class=\"editor-link autolink-enabled\" href=\"https:\/\/www.abola.pt\/futebol\/jogador\/rafael-leao-178944\" data-resource-id=\"178944\" data-resource-type=\"player\" data-sport=\"football\" rel=\"nofollow noopener\">Rafael Le\u00e3o<\/a>, avan\u00e7ado do <a target=\"_blank\" class=\"editor-link autolink-enabled\" href=\"https:\/\/www.abola.pt\/futebol\/milan-245\" data-resource-id=\"245\" data-resource-type=\"team\" data-sport=\"football\" rel=\"nofollow noopener\">Milan<\/a>, recuou no tempo para lembrar o momento em que, com apenas oito anos, assinou pelo <a target=\"_blank\" class=\"editor-link autolink-enabled\" href=\"https:\/\/www.abola.pt\/futebol\/benfica-450\" data-resource-id=\"450\" data-resource-type=\"team\" data-sport=\"football\" rel=\"nofollow noopener\">Benfica<\/a> mas nunca chegou a ir aos treinos porque o clube faltou a uma promessa.<\/p>\n<p style=\"text-align: justify\">\u00abO Benfica queria que eu assinasse. O meu pai disse que sim, ele tamb\u00e9m \u00e9 do Benfica. Assinei pelo Benfica, mas como o meu pai naquela altura n\u00e3o tinha carro, eu n\u00e3o tinha como ir para o treino. O Benfica disse &#8216;n\u00e3o se preocupe, assine o contrato que n\u00f3s temos uma carrinha para levar o seu filho da escola para o treino&#8217;\u00bb, contou no podcast SayLessGlobal.<\/p>\n<p style=\"text-align: justify\">\u00abFiquei \u00e0 espera da tal carrinha. A carrinha n\u00e3o veio. No segundo e terceiro dias, igual. Passou uma semana e eu comecei a chorar. Nem cheguei a fazer um treino. Foi a\u00ed que decidimos assinar pelo Sporting\u00bb, recordou o internacional portugu\u00eas, que fez forma\u00e7\u00e3o nos le\u00f5es, estreando-se na equipa principal em 2017\/18, \u00e9poca em que rescindiria com o clube, ap\u00f3s a invas\u00e3o \u00e0 Academia.<\/p>\n<p style=\"text-align: justify\">\u00abH\u00e1 uns meses, o meu pai esteve com o Rui Costa, que agora \u00e9 presidente do Benfica, e come\u00e7aram a rir-se. &#8216;Pe\u00e7o desculpa pelo que aconteceu ao seu filho, por n\u00e3o termos ido busc\u00e1-lo&#8217;\u00bb, revelou.<\/p>\n","protected":false},"excerpt":{"rendered":"Rafael Le\u00e3o, avan\u00e7ado do Milan, recuou no tempo para lembrar o momento em que, com apenas oito anos,&hellip;\n","protected":false},"author":2,"featured_media":81468,"comment_status":"","ping_status":"","sticky":false,"template":"","format":"standard","meta":{"footnotes":""},"categories":[8],"tags":[27,28,15,16,14,25,26,21,22,12,13,19,20,32,23,24,33,17,18,29,30,31],"class_list":{"0":"post-81467","1":"post","2":"type-post","3":"status-publish","4":"format-standard","5":"has-post-thumbnail","7":"category-principais-noticias","8":"tag-breaking-news","9":"tag-breakingnews","10":"tag-featured-news","11":"tag-featurednews","12":"tag-headlines","13":"tag-latest-news","14":"tag-latestnews","15":"tag-main-news","16":"tag-mainnews","17":"tag-news","18":"tag-noticias","19":"tag-noticias-principais","20":"tag-noticiasprincipais","21":"tag-portugal","22":"tag-principais-noticias","23":"tag-principaisnoticias","24":"tag-pt","25":"tag-top-stories","26":"tag-topstories","27":"tag-ultimas","28":"tag-ultimas-noticias","29":"tag-ultimasnoticias"},"share_on_mastodon":{"url":"","error":""},"_links":{"self":[{"href":"https:\/\/www.europesays.com\/pt\/wp-json\/wp\/v2\/posts\/81467","targetHints":{"allow":["GET"]}}],"collection":[{"href":"https:\/\/www.europesays.com\/pt\/wp-json\/wp\/v2\/posts"}],"about":[{"href":"https:\/\/www.europesays.com\/pt\/wp-json\/wp\/v2\/types\/post"}],"author":[{"embeddable":true,"href":"https:\/\/www.europesays.com\/pt\/wp-json\/wp\/v2\/users\/2"}],"replies":[{"embeddable":true,"href":"https:\/\/www.europesays.com\/pt\/wp-json\/wp\/v2\/comments?post=81467"}],"version-history":[{"count":0,"href":"https:\/\/www.europesays.com\/pt\/wp-json\/wp\/v2\/posts\/81467\/revisions"}],"wp:featuredmedia":[{"embeddable":true,"href":"https:\/\/www.europesays.com\/pt\/wp-json\/wp\/v2\/media\/81468"}],"wp:attachment":[{"href":"https:\/\/www.europesays.com\/pt\/wp-json\/wp\/v2\/media?parent=81467"}],"wp:term":[{"taxonomy":"category","embeddable":true,"href":"https:\/\/www.europesays.com\/pt\/wp-json\/wp\/v2\/categories?post=81467"},{"taxonomy":"post_tag","embeddable":true,"href":"https:\/\/www.europesays.com\/pt\/wp-json\/wp\/v2\/tags?post=81467"}],"curies":[{"name":"wp","href":"https:\/\/api.w.org\/{rel}","templated":true}]}}