{"id":81521,"date":"2025-09-22T09:04:09","date_gmt":"2025-09-22T09:04:09","guid":{"rendered":"https:\/\/www.europesays.com\/pt\/81521\/"},"modified":"2025-09-22T09:04:09","modified_gmt":"2025-09-22T09:04:09","slug":"maior-estatua-de-jesus-do-mundo-gera-polemica-por-ser-do-cristo-errado","status":"publish","type":"post","link":"https:\/\/www.europesays.com\/pt\/81521\/","title":{"rendered":"Maior est\u00e1tua de Jesus do mundo gera pol\u00eamica por ser do Cristo errado"},"content":{"rendered":"<p class=\"bullet mt-0\" data-v-232111b4=\"\">Ele contou, orgulhoso, que logo que divulgou o projeto recebeu ofertas de doa\u00e7\u00f5es de arm\u00eanios espalhados pelo mundo. Mas, magn\u00e2nimo que s\u00f3, preferiu cobrir todas as despesas.<\/p>\n<p class=\"bullet\" data-v-232111b4=\"\">Ainda assim, os devotos interessados poderiam participar da obra, plantando uma \u00e1rvore ou depositando uma pedra. Seria uma forma de contribui\u00e7\u00e3o.<\/p>\n<p class=\"bullet\" data-v-232111b4=\"\">Tudo para que a est\u00e1tua fosse vis\u00edvel de qualquer parte do pa\u00eds. &#8220;Como no Rio de Janeiro&#8221;, desejou.<\/p>\n<p class=\"bullet\" data-v-232111b4=\"\">Talvez ele n\u00e3o saiba que n\u00e3o \u00e9 de todo lugar no Rio que d\u00e1 para ver o Cristo. Mas provavelmente foi uma figura de linguagem, pois, por mais alta que seja sua est\u00e1tua, ela tamb\u00e9m n\u00e3o ser\u00e1 t\u00e3o vis\u00edvel assim: a Arm\u00eania \u00e9 um pa\u00eds montanhoso, de relevo acidentado e picos de at\u00e9 4 mil metros.<\/p>\n<p class=\"bullet\" data-v-232111b4=\"\">&#8220;Ela ser\u00e1 uma guardi\u00e3 de nosso povo e nosso pa\u00eds. N\u00e3o haver\u00e1 nada como ela. Ser\u00e1 a melhor, mais bonita e mais imponente no mundo&#8221;, prometeu. A autoria da obra ficou a cargo do escultor Armen Manvelian, que a projetou com 33 metros, sobre um pedestal de 44.<\/p>\n<p class=\"bullet\" data-v-232111b4=\"\">Ou seja, est\u00e1tua por est\u00e1tua, a carioca n\u00e3o \u00e9 t\u00e3o menor, pois tem 30 metros, com um pedestal de 8. A ga\u00facha \u00e9 inclusive maior que a arm\u00eania, com 43 metros e um pedestal de 6.<\/p>\n","protected":false},"excerpt":{"rendered":"Ele contou, orgulhoso, que logo que divulgou o projeto recebeu ofertas de doa\u00e7\u00f5es de arm\u00eanios espalhados pelo mundo.&hellip;\n","protected":false},"author":2,"featured_media":81522,"comment_status":"","ping_status":"","sticky":false,"template":"","format":"standard","meta":{"footnotes":""},"categories":[144],"tags":[207,205,206,203,201,202,204,114,115,32,33],"class_list":{"0":"post-81521","1":"post","2":"type-post","3":"status-publish","4":"format-standard","5":"has-post-thumbnail","7":"category-arte-e-design","8":"tag-arte","9":"tag-arte-e-design","10":"tag-artedesign","11":"tag-arts","12":"tag-arts-and-design","13":"tag-artsanddesign","14":"tag-design","15":"tag-entertainment","16":"tag-entretenimento","17":"tag-portugal","18":"tag-pt"},"share_on_mastodon":{"url":"","error":""},"_links":{"self":[{"href":"https:\/\/www.europesays.com\/pt\/wp-json\/wp\/v2\/posts\/81521","targetHints":{"allow":["GET"]}}],"collection":[{"href":"https:\/\/www.europesays.com\/pt\/wp-json\/wp\/v2\/posts"}],"about":[{"href":"https:\/\/www.europesays.com\/pt\/wp-json\/wp\/v2\/types\/post"}],"author":[{"embeddable":true,"href":"https:\/\/www.europesays.com\/pt\/wp-json\/wp\/v2\/users\/2"}],"replies":[{"embeddable":true,"href":"https:\/\/www.europesays.com\/pt\/wp-json\/wp\/v2\/comments?post=81521"}],"version-history":[{"count":0,"href":"https:\/\/www.europesays.com\/pt\/wp-json\/wp\/v2\/posts\/81521\/revisions"}],"wp:featuredmedia":[{"embeddable":true,"href":"https:\/\/www.europesays.com\/pt\/wp-json\/wp\/v2\/media\/81522"}],"wp:attachment":[{"href":"https:\/\/www.europesays.com\/pt\/wp-json\/wp\/v2\/media?parent=81521"}],"wp:term":[{"taxonomy":"category","embeddable":true,"href":"https:\/\/www.europesays.com\/pt\/wp-json\/wp\/v2\/categories?post=81521"},{"taxonomy":"post_tag","embeddable":true,"href":"https:\/\/www.europesays.com\/pt\/wp-json\/wp\/v2\/tags?post=81521"}],"curies":[{"name":"wp","href":"https:\/\/api.w.org\/{rel}","templated":true}]}}