{"id":81559,"date":"2025-09-22T09:30:10","date_gmt":"2025-09-22T09:30:10","guid":{"rendered":"https:\/\/www.europesays.com\/pt\/81559\/"},"modified":"2025-09-22T09:30:10","modified_gmt":"2025-09-22T09:30:10","slug":"mais-de-500-operacionais-em-aljezur-perigo-maximo-de-incendio-em-40-concelhos-incendios","status":"publish","type":"post","link":"https:\/\/www.europesays.com\/pt\/81559\/","title":{"rendered":"Mais de 500 operacionais em Aljezur. Perigo m\u00e1ximo de inc\u00eandio em 40 concelhos | Inc\u00eandios"},"content":{"rendered":"<p>O inc\u00eandio que deflagrou pelas 12h de domingo na Bordeira, Aljezur, continua a ser combatido. Pelas 7h50 desta segunda-feira estavam no local 513 operacionais, apoiados por 181 meios terrestres e sete aeronaves.<\/p>\n<p>A ocorr\u00eancia no Algarve come\u00e7ou em <a href=\"https:\/\/www.publico.pt\/aljezur\" target=\"_blank\" rel=\"nofollow noopener\">Aljezur,<\/a> mas j\u00e1 entrou em Lagos e continua a consumir zonas de mato, pinhal e eucaliptal do Parque Natural do Sudoeste Alentejano e Costa Vicentina. O fogo, que destruiu uma casa de segunda habita\u00e7\u00e3o, continua com duas frentes activas.<\/p>\n<p>\u201cO inc\u00eandio no concelho de Lagos est\u00e1 hoje (segunda-feira) de manh\u00e3 com duas frentes activas, mas n\u00e3o h\u00e1 popula\u00e7\u00f5es, nem habita\u00e7\u00f5es em risco. N\u00e3o h\u00e1 v\u00edtimas a registar\u201d, adiantou \u00e0 ag\u00eancia Lusa fonte do Comando Sub-Regional de Emerg\u00eancia e Protec\u00e7\u00e3o Civil do Algarve.<\/p>\n<p>        &#13;<\/p>\n<p>&#13;<br \/>\n                &#13;\n            <\/p>\n<p>&#13;<\/p>\n<p>De acordo com a mesma fonte, as pessoas que tinham sido retiradas no domingo, por precau\u00e7\u00e3o, na povoa\u00e7\u00e3o de Bar\u00e3o de S\u00e3o Jo\u00e3o j\u00e1 regressaram \u00e0s suas casas.<\/p>\n<p>\u201cDurante a noite o vento acalmou, ajudando no combate, mas para hoje de manh\u00e3 est\u00e1 prevista uma intensifica\u00e7\u00e3o do vento\u201d, acrescentou.<\/p>\n<p>Mais de 40 concelhos dos distritos de Vila Real, Bragan\u00e7a, Viseu, Guarda, Castelo Branco, Santar\u00e9m, Portalegre e Faro est\u00e3o nesta segunda-feira em risco m\u00e1ximo de inc\u00eandio rural, segundo o Instituto Portugu\u00eas do Mar e da Atmosfera (IPMA). V\u00e1rios concelhos do interior Norte e Centro e Algarve est\u00e3o tamb\u00e9m em perigo muito elevado de inc\u00eandio rural.<\/p>\n<p>Segundo o instituto, o perigo de<a href=\"https:\/\/www.publico.pt\/incendios-florestais\" target=\"_blank\" rel=\"nofollow noopener\"> inc\u00eandio rural<\/a> vai manter-se elevado pelo menos at\u00e9 sexta-feira em alguns concelhos do interior Norte e Centro e Algarve.<\/p>\n<p>Este perigo, determinado pelo IPMA, tem cinco n\u00edveis, que v\u00e3o de reduzido a m\u00e1ximo. Os c\u00e1lculos s\u00e3o obtidos a partir da temperatura do ar, humidade relativa, velocidade do vento e quantidade de precipita\u00e7\u00e3o nas \u00faltimas 24 horas.<\/p>\n<p>O <a href=\"https:\/\/www.publico.pt\/ipma\" target=\"_blank\" rel=\"nofollow noopener\">IPMA<\/a> prev\u00ea para esta segunda-feira, no continente, c\u00e9u pouco nublado ou limpo, vento forte por vezes com rajadas at\u00e9 60 quil\u00f3metros por hora na faixa costeira ocidental, em especial durante a tarde, nas terras altas e pequena descida da temperatura m\u00ednima.<\/p>\n<p>As temperaturas m\u00ednimas v\u00e3o oscilar entre os 14 graus Celsius (em Viana do Castelo e Braga) e os 22 (em Portalegre) e as m\u00e1ximas entre os 25 (em Viana do Castelo) e os 35 (em Santar\u00e9m).<\/p>\n","protected":false},"excerpt":{"rendered":"O inc\u00eandio que deflagrou pelas 12h de domingo na Bordeira, Aljezur, continua a ser combatido. Pelas 7h50 desta&hellip;\n","protected":false},"author":2,"featured_media":81560,"comment_status":"","ping_status":"","sticky":false,"template":"","format":"standard","meta":{"footnotes":""},"categories":[8],"tags":[2569,27,28,9475,15,16,14,2830,2832,350,25,26,21,22,12,13,19,20,32,23,24,33,58,17,18,29,30,31],"class_list":{"0":"post-81559","1":"post","2":"type-post","3":"status-publish","4":"format-standard","5":"has-post-thumbnail","7":"category-principais-noticias","8":"tag-algarve","9":"tag-breaking-news","10":"tag-breakingnews","11":"tag-faro","12":"tag-featured-news","13":"tag-featurednews","14":"tag-headlines","15":"tag-incendios","16":"tag-incendios-florestais","17":"tag-ipma","18":"tag-latest-news","19":"tag-latestnews","20":"tag-main-news","21":"tag-mainnews","22":"tag-news","23":"tag-noticias","24":"tag-noticias-principais","25":"tag-noticiasprincipais","26":"tag-portugal","27":"tag-principais-noticias","28":"tag-principaisnoticias","29":"tag-pt","30":"tag-sociedade","31":"tag-top-stories","32":"tag-topstories","33":"tag-ultimas","34":"tag-ultimas-noticias","35":"tag-ultimasnoticias"},"share_on_mastodon":{"url":"","error":""},"_links":{"self":[{"href":"https:\/\/www.europesays.com\/pt\/wp-json\/wp\/v2\/posts\/81559","targetHints":{"allow":["GET"]}}],"collection":[{"href":"https:\/\/www.europesays.com\/pt\/wp-json\/wp\/v2\/posts"}],"about":[{"href":"https:\/\/www.europesays.com\/pt\/wp-json\/wp\/v2\/types\/post"}],"author":[{"embeddable":true,"href":"https:\/\/www.europesays.com\/pt\/wp-json\/wp\/v2\/users\/2"}],"replies":[{"embeddable":true,"href":"https:\/\/www.europesays.com\/pt\/wp-json\/wp\/v2\/comments?post=81559"}],"version-history":[{"count":0,"href":"https:\/\/www.europesays.com\/pt\/wp-json\/wp\/v2\/posts\/81559\/revisions"}],"wp:featuredmedia":[{"embeddable":true,"href":"https:\/\/www.europesays.com\/pt\/wp-json\/wp\/v2\/media\/81560"}],"wp:attachment":[{"href":"https:\/\/www.europesays.com\/pt\/wp-json\/wp\/v2\/media?parent=81559"}],"wp:term":[{"taxonomy":"category","embeddable":true,"href":"https:\/\/www.europesays.com\/pt\/wp-json\/wp\/v2\/categories?post=81559"},{"taxonomy":"post_tag","embeddable":true,"href":"https:\/\/www.europesays.com\/pt\/wp-json\/wp\/v2\/tags?post=81559"}],"curies":[{"name":"wp","href":"https:\/\/api.w.org\/{rel}","templated":true}]}}