{"id":81681,"date":"2025-09-22T11:13:11","date_gmt":"2025-09-22T11:13:11","guid":{"rendered":"https:\/\/www.europesays.com\/pt\/81681\/"},"modified":"2025-09-22T11:13:11","modified_gmt":"2025-09-22T11:13:11","slug":"pequena-fruta-consumida-no-cafe-da-manha-e-aliada-poderosa-da-saude-do-intestino","status":"publish","type":"post","link":"https:\/\/www.europesays.com\/pt\/81681\/","title":{"rendered":"Pequena fruta consumida no caf\u00e9 da manh\u00e3 \u00e9 aliada poderosa da sa\u00fade do intestino"},"content":{"rendered":"<p>\n\t\t\t\t\t\tSaiba como o consumo di\u00e1rio de kiwi verde pode transformar sua sa\u00fade intestinal e geral. \/ Freepik\n\t\t\t\t\t<\/p>\n<p>O kiwi verde se destaca como um aliado poderoso para a <a href=\"https:\/\/www.diariodolitoral.com.br\/tags\/saude\/\" rel=\"nofollow noopener\" target=\"_blank\">sa\u00fade<\/a> do intestino, e sua efic\u00e1cia agora possui um selo oficial da Uni\u00e3o Europeia. Este \u00e9 o primeiro fruto fresco a receber uma alega\u00e7\u00e3o de sa\u00fade da UE, o que sublinha sua import\u00e2ncia na melhora do tr\u00e2nsito intestinal e na preven\u00e7\u00e3o da constipa\u00e7\u00e3o.<\/p>\n<p><strong>Fa\u00e7a parte do grupo do Di\u00e1rio no <\/strong><a href=\"https:\/\/bit.ly\/CanalDiarioDoLitoral\" target=\"_blank\" rel=\"nofollow noopener\">WhatsApp<\/a> <strong>e<\/strong> <a href=\"https:\/\/t.me\/diariodolitoral\" target=\"_blank\" rel=\"nofollow\">Telegram<\/a><strong>.<br \/>Mantenha-se bem informado.<\/strong><\/p>\n<p>Tal reconhecimento n\u00e3o \u00e9 meramente um endosso; \u00e9 a valida\u00e7\u00e3o cient\u00edfica de seus benef\u00edcios. A fruta, portanto, ganha um lugar de honra na lista de alimentos que promovem o bem-estar de forma comprovada e natural para quem busca mais <a href=\"https:\/\/www.diariodolitoral.com.br\/tags\/saude\/\" rel=\"nofollow noopener\" target=\"_blank\">sa\u00fade<\/a>.\n\t\t\t<\/p>\n<p class=\"texto-continue listagem-detalhe\">Continua depois da publicidade<\/p>\n<p>Al\u00e9m de ser acess\u00edvel, o kiwi verde \u00e9 f\u00e1cil de integrar \u00e0 dieta. Sua riqueza em fibras, antioxidantes e enzimas atua em sinergia, oferecendo um <a href=\"https:\/\/www.diariodolitoral.com.br\/variedades\/saude\/comer-esse-alimento-pela-manha-ajuda-favorece-a-saude-mais-do-que-voce\/200708\/\" rel=\"nofollow noopener\" target=\"_blank\">suporte completo para o sistema digestivo<\/a>, o que garante mais conforto e leveza no dia a dia.<\/p>\n<p>Saiba mais sobre o kiwi na galeria abaixo<\/p>\n<p><img decoding=\"async\" src=\"https:\/\/www.europesays.com\/pt\/wp-content\/uploads\/2025\/09\/1758411016.jpg\" alt=\"O Kiwi \u00e9 origin\u00e1rio do sul da China \/ Pixabay\" class=\"caroussel-detalhe\"\/><\/p>\n<p>O Kiwi \u00e9 origin\u00e1rio do sul da China \/ Pixabay<\/p>\n<p><img decoding=\"async\" src=\"https:\/\/www.europesays.com\/pt\/wp-content\/uploads\/2025\/09\/1758411017.jpg\" alt=\"A combina\u00e7\u00e3o das vitaminas A e E ajuda a reduzir riscos de c\u00e2ncer e problemas circulat\u00f3rios, incluindo coron\u00e1rias, al\u00e9m de turbinar seu sistema imunol\u00f3gico \/ Pixabay\" class=\"caroussel-detalhe\"\/><\/p>\n<p>A combina\u00e7\u00e3o das vitaminas A e E ajuda a reduzir riscos de c\u00e2ncer e problemas circulat\u00f3rios, incluindo coron\u00e1rias, al\u00e9m de turbinar seu sistema imunol\u00f3gico \/ Pixabay<\/p>\n<p><img decoding=\"async\" src=\"https:\/\/www.europesays.com\/pt\/wp-content\/uploads\/2025\/09\/1758411018.jpg\" alt=\"Mesmo em menores quantidades, a vitamina B6 e a niacina presentes neste alimento ainda fazem uma diferen\u00e7a importante para a sua sa\u00fade \/ Pixabay\" class=\"caroussel-detalhe\"\/>Mesmo em menores quantidades, a vitamina B6 e a niacina presentes neste alimento ainda fazem uma diferen\u00e7a importante para a sua <a href=\"https:\/\/www.diariodolitoral.com.br\/tags\/saude\/\" rel=\"nofollow noopener\" target=\"_blank\">sa\u00fade<\/a> \/ Pixabay<img decoding=\"async\" src=\"https:\/\/www.europesays.com\/pt\/wp-content\/uploads\/2025\/09\/1758411019.jpg\" alt=\"C\u00e1lcio, magn\u00e9sio, ferro e, principalmente, pot\u00e1ssio: esses minerais, presentes na fruta, ajudam a manter a press\u00e3o arterial equilibrada e fortalecem o corpo contra gripes e resfriados \/ Pixabay\" class=\"caroussel-detalhe\"\/><\/p>\n<p>C\u00e1lcio, magn\u00e9sio, ferro e, principalmente, pot\u00e1ssio: esses minerais, presentes na fruta, ajudam a manter a press\u00e3o arterial equilibrada e fortalecem o corpo contra gripes e resfriados \/ Pixabay<\/p>\n<p><img decoding=\"async\" src=\"https:\/\/www.europesays.com\/pt\/wp-content\/uploads\/2025\/09\/1758411371.jpg\" alt=\"O kiwi n\u00e3o \u00e9 s\u00f3 gostoso, \u00e9 funcional: rico em fibras sol\u00faveis, ajuda a reduzir o colesterol, e gra\u00e7as \u00e0 clorofila, mant\u00e9m seu verde vibrante mesmo quando maduro \/ Pixabay\" class=\"caroussel-detalhe\"\/><\/p>\n<p>O kiwi n\u00e3o \u00e9 s\u00f3 gostoso, \u00e9 funcional: rico em fibras sol\u00faveis, ajuda a reduzir o colesterol, e gra\u00e7as \u00e0 clorofila, mant\u00e9m seu verde vibrante mesmo quando maduro \/ Pixabay<\/p>\n<p><img decoding=\"async\" src=\"https:\/\/www.europesays.com\/pt\/wp-content\/uploads\/2025\/09\/1758411021.jpg\" alt=\"A fruta pode ser facilmente combinada com outras, como a banana, o abacaxi e a ma\u00e7\u00e3 \/ Pixabay\" class=\"caroussel-detalhe\"\/><\/p>\n<p>A fruta pode ser facilmente combinada com outras, como a banana, o abacaxi e a ma\u00e7\u00e3 \/ Pixabay<\/p>\n<p><img decoding=\"async\" src=\"https:\/\/www.diariodolitoral.com.br\/application\/themes\/diariodolitoral.com.br\/images\/icone_arrow_2.svg\" loading=\"lazy\" alt=\"Anterior\" class=\"seta-galeria\"\/><img decoding=\"async\" src=\"https:\/\/www.diariodolitoral.com.br\/application\/themes\/diariodolitoral.com.br\/images\/icone_arrow_1.svg\" loading=\"lazy\" alt=\"Pr\u00f3xima\" class=\"seta-galeria\"\/><\/p>\n<p>O rigor da ci\u00eancia europeia<\/p>\n<p>O reconhecimento oficial da Uni\u00e3o Europeia n\u00e3o veio por acaso. Um processo rigoroso de an\u00e1lise cient\u00edfica, iniciado em 2018, culminou nesta decis\u00e3o. O kiwi verde conquistou seu lugar de destaque ap\u00f3s comprovar consistentemente sua efic\u00e1cia em diversas pesquisas cl\u00ednicas.\n\t\t\t<\/p>\n<p class=\"texto-continue listagem-detalhe\">Continua depois da publicidade<\/p>\n<p>O processo de aprova\u00e7\u00e3o do kiwi verde foi embasado em 18 estudos cl\u00ednicos, dos quais seis foram considerados de alta relev\u00e2ncia pela EFSA. Essas pesquisas envolveram diferentes perfis de participantes e apontaram resultados consistentes no al\u00edvio eficaz da constipa\u00e7\u00e3o.<\/p>\n<p>Melhora superior a fibras comuns<\/p>\n<p>Um ensaio multic\u00eantrico de 2023 comparou o consumo do kiwi verde ao uso de fibras tradicionais, como o psyllium. Os resultados foram claros: participantes que ingeriram kiwi apresentaram melhora significativa no n\u00famero de evacua\u00e7\u00f5es semanais e maior conforto abdominal.<\/p>\n<p>Embora focado na constipa\u00e7\u00e3o, os benef\u00edcios do kiwi verde v\u00e3o al\u00e9m. Pesquisas indicam que seu consumo regular ajuda a reduzir outros desconfortos gastrointestinais, como a indigest\u00e3o, o refluxo e a inc\u00f4moda sensa\u00e7\u00e3o de estufamento, promovendo bem-estar.\n\t\t\t<\/p>\n<p class=\"texto-continue listagem-detalhe\">Continua depois da publicidade<\/p>\n<p>Esta fruta \u00e9 <a href=\"https:\/\/www.diariodolitoral.com.br\/diario-mais\/conheca-a-fruta-de-ouro-que-tem-mais-vitamina-c-do-que-a-laranja\/199620\/\" rel=\"nofollow noopener\" target=\"_blank\">rica em vitamina C<\/a>, antioxidantes e minerais essenciais que contribuem para fortalecer o sistema imunol\u00f3gico. Desse modo, o kiwi verde n\u00e3o s\u00f3 cuida do seu intestino, mas tamb\u00e9m melhora a qualidade de vida de forma abrangente e natural.<\/p>\n<p>Mais benef\u00edcios<\/p>\n<p>A fruta \u00e9 rica em nutrientes e tem diversos benef\u00edcios, muitos que voc\u00ea nem imagina! Conhe\u00e7a alguns deles no v\u00eddeo da canal Nutricionista Patr\u00edcia Leite:<\/p>\n<p>\u00a0\n\t\t\t<\/p>\n<p class=\"texto-continue listagem-detalhe\">Continua depois da publicidade<\/p>\n","protected":false},"excerpt":{"rendered":"Saiba como o consumo di\u00e1rio de kiwi verde pode transformar sua sa\u00fade intestinal e geral. \/ Freepik O&hellip;\n","protected":false},"author":2,"featured_media":81682,"comment_status":"","ping_status":"","sticky":false,"template":"","format":"standard","meta":{"footnotes":""},"categories":[86],"tags":[2369,547,116,32,33,117],"class_list":{"0":"post-81681","1":"post","2":"type-post","3":"status-publish","4":"format-standard","5":"has-post-thumbnail","7":"category-saude","8":"tag-alimentacao","9":"tag-alimentacao-saudavel","10":"tag-health","11":"tag-portugal","12":"tag-pt","13":"tag-saude"},"share_on_mastodon":{"url":"","error":""},"_links":{"self":[{"href":"https:\/\/www.europesays.com\/pt\/wp-json\/wp\/v2\/posts\/81681","targetHints":{"allow":["GET"]}}],"collection":[{"href":"https:\/\/www.europesays.com\/pt\/wp-json\/wp\/v2\/posts"}],"about":[{"href":"https:\/\/www.europesays.com\/pt\/wp-json\/wp\/v2\/types\/post"}],"author":[{"embeddable":true,"href":"https:\/\/www.europesays.com\/pt\/wp-json\/wp\/v2\/users\/2"}],"replies":[{"embeddable":true,"href":"https:\/\/www.europesays.com\/pt\/wp-json\/wp\/v2\/comments?post=81681"}],"version-history":[{"count":0,"href":"https:\/\/www.europesays.com\/pt\/wp-json\/wp\/v2\/posts\/81681\/revisions"}],"wp:featuredmedia":[{"embeddable":true,"href":"https:\/\/www.europesays.com\/pt\/wp-json\/wp\/v2\/media\/81682"}],"wp:attachment":[{"href":"https:\/\/www.europesays.com\/pt\/wp-json\/wp\/v2\/media?parent=81681"}],"wp:term":[{"taxonomy":"category","embeddable":true,"href":"https:\/\/www.europesays.com\/pt\/wp-json\/wp\/v2\/categories?post=81681"},{"taxonomy":"post_tag","embeddable":true,"href":"https:\/\/www.europesays.com\/pt\/wp-json\/wp\/v2\/tags?post=81681"}],"curies":[{"name":"wp","href":"https:\/\/api.w.org\/{rel}","templated":true}]}}