{"id":81721,"date":"2025-09-22T11:49:11","date_gmt":"2025-09-22T11:49:11","guid":{"rendered":"https:\/\/www.europesays.com\/pt\/81721\/"},"modified":"2025-09-22T11:49:11","modified_gmt":"2025-09-22T11:49:11","slug":"trump-garante-que-eua-descobriram-resposta-para-o-autismo-observador","status":"publish","type":"post","link":"https:\/\/www.europesays.com\/pt\/81721\/","title":{"rendered":"Trump garante que EUA descobriram &#8220;resposta&#8221; para o autismo \u2013 Observador"},"content":{"rendered":"<p>\u00c9 \u201c<strong>uma das maiores descobertas m\u00e9dicas da hist\u00f3ria do pa\u00eds<\/strong>\u201d, garantiu Donald Trump no domingo, prometendo para esta segunda-feira um <strong>an\u00fancio relacionado com o autismo <\/strong>que dever\u00e1 ser duplo. O primeiro an\u00fancio estar\u00e1 relacionado com uma <strong>poss\u00edvel associa\u00e7\u00e3o do paracetamol <\/strong>(na gravidez) ao risco de autismo e, por outro lado, poder\u00e1 ser anunciada uma terapia experimental que pode ajudar as crian\u00e7as autistas.<\/p>\n<p>No funeral de Charlie Kirk, Donald Trump foi enigm\u00e1tico quando anunciou uma \u201cdescoberta fenomenal\u201d: \u201cTalvez tenhamos conseguido uma resposta para o autismo\u201d, asseverou. O que est\u00e1 em causa, concretamente? Fontes oficiais citadas pelo The Washington Post antecipam que as autoridades de sa\u00fade norte-americanas <strong>v\u00e3o recomendar cautela no uso de acetaminofeno (paracetamol)<\/strong> durante a gravidez, sobretudo nos primeiros meses.<\/p>\n<p>O f\u00e1rmaco, que \u00e9 muito usado a n\u00edvel mundial sob v\u00e1rias marcas, incluindo gen\u00e9ricas, \u00e9 considerado seguro pelas sociedades m\u00e9dicas, mas estudos recentes de Harvard e Mount Sinai apontam uma poss\u00edvel liga\u00e7\u00e3o entre a sua utiliza\u00e7\u00e3o por gr\u00e1vidas no in\u00edcio da gesta\u00e7\u00e3o e um maior risco de autismo nas crian\u00e7as. As autoridades norte-americanas devem, por isso, aconselhar gr\u00e1vidas a evitarem o medicamento, exceto em situa\u00e7\u00f5es de febre.<\/p>\n<p>Por outro lado, a Casa Branca dever\u00e1, tamb\u00e9m, referir-se ao uso de\u00a0<strong>leucovorina<\/strong> como poss\u00edvel terap\u00eautico usado em crian\u00e7as autistas (o The Washington Post n\u00e3o se refere \u00e0 possibilidade de ser usado por adultos). Este \u00e9 f\u00e1rmaco sobretudo usado, at\u00e9 agora, para tratar d\u00e9fice de vitamina B9 ou reduzir efeitos secund\u00e1rios de certos medicamentos. Mas ensaios cl\u00ednicos controlados demonstraram progressos not\u00e1veis em crian\u00e7as com autismo, sobretudo na capacidade de falar e compreender.<\/p>\n<p>A Food and Drug Administration (FDA) ainda est\u00e1, segundo o jornal, a avaliar a forma como poder\u00e1 ser apresentada esta descoberta cient\u00edfica na forma como o medicamento poder\u00e1 passar a ser comercializado.<\/p>\n<p>Desde o in\u00edcio do mandato, Trump encarou o aumento das taxas de diagn\u00f3stico de autismo \u2014 hoje uma em cada 31 crian\u00e7as de oito anos, contra uma em 150 no ano 2000 \u2014 como uma prioridade pol\u00edtica. O autismo \u00e9 uma condi\u00e7\u00e3o m\u00e9dica que alguns especialistas consideram predominantemente de origem gen\u00e9tica e, por isso, basicamente incur\u00e1vel.<\/p>\n<p>O secret\u00e1rio da Sa\u00fade, Robert F. Kennedy Jr., e outros altos respons\u00e1veis t\u00eam pressionado para respostas r\u00e1pidas, mas cientistas alertam que o processo exige tempo e rigor. O envolvimento de figuras pol\u00e9micas, como David Geier, que defende liga\u00e7\u00f5es entre vacinas e autismo apesar de d\u00e9cadas de estudos a refutarem essa hip\u00f3tese, est\u00e1 a gerar inquieta\u00e7\u00e3o na comunidade m\u00e9dica. E empresas farmac\u00eauticas, incluindo a produtora do Tylenol (marca mais usada nos EUA de paracetamol), tamb\u00e9m j\u00e1 manifestaram reservas sobre o rumo das investiga\u00e7\u00f5es.<\/p>\n<p>A apresenta\u00e7\u00e3o por parte da Casa Branca coincide com o lan\u00e7amento de um programa de investiga\u00e7\u00e3o do National Institutes of Health (NIH), que ir\u00e1 financiar 13 equipas dedicadas a causas e terapias para o autismo. Embora este esfor\u00e7o seja aut\u00f3nomo, destina-se tamb\u00e9m a confirmar resultados pr\u00e9vios e refor\u00e7ar a base cient\u00edfica da discuss\u00e3o.<\/p>\n","protected":false},"excerpt":{"rendered":"\u00c9 \u201cuma das maiores descobertas m\u00e9dicas da hist\u00f3ria do pa\u00eds\u201d, garantiu Donald Trump no domingo, prometendo para esta&hellip;\n","protected":false},"author":2,"featured_media":81722,"comment_status":"","ping_status":"","sticky":false,"template":"","format":"standard","meta":{"footnotes":""},"categories":[50],"tags":[624,3987,27,28,6727,92,623,15,16,14,25,26,21,22,62,12,13,19,20,23,24,2946,17,18,29,30,31,63,64,65],"class_list":{"0":"post-81721","1":"post","2":"type-post","3":"status-publish","4":"format-standard","5":"has-post-thumbnail","7":"category-mundo","8":"tag-amu00e9rica","9":"tag-autismo","10":"tag-breaking-news","11":"tag-breakingnews","12":"tag-doenu00e7as","13":"tag-donald-trump","14":"tag-estados-unidos-da-amu00e9rica","15":"tag-featured-news","16":"tag-featurednews","17":"tag-headlines","18":"tag-latest-news","19":"tag-latestnews","20":"tag-main-news","21":"tag-mainnews","22":"tag-mundo","23":"tag-news","24":"tag-noticias","25":"tag-noticias-principais","26":"tag-noticiasprincipais","27":"tag-principais-noticias","28":"tag-principaisnoticias","29":"tag-sau00fade","30":"tag-top-stories","31":"tag-topstories","32":"tag-ultimas","33":"tag-ultimas-noticias","34":"tag-ultimasnoticias","35":"tag-world","36":"tag-world-news","37":"tag-worldnews"},"share_on_mastodon":{"url":"","error":""},"_links":{"self":[{"href":"https:\/\/www.europesays.com\/pt\/wp-json\/wp\/v2\/posts\/81721","targetHints":{"allow":["GET"]}}],"collection":[{"href":"https:\/\/www.europesays.com\/pt\/wp-json\/wp\/v2\/posts"}],"about":[{"href":"https:\/\/www.europesays.com\/pt\/wp-json\/wp\/v2\/types\/post"}],"author":[{"embeddable":true,"href":"https:\/\/www.europesays.com\/pt\/wp-json\/wp\/v2\/users\/2"}],"replies":[{"embeddable":true,"href":"https:\/\/www.europesays.com\/pt\/wp-json\/wp\/v2\/comments?post=81721"}],"version-history":[{"count":0,"href":"https:\/\/www.europesays.com\/pt\/wp-json\/wp\/v2\/posts\/81721\/revisions"}],"wp:featuredmedia":[{"embeddable":true,"href":"https:\/\/www.europesays.com\/pt\/wp-json\/wp\/v2\/media\/81722"}],"wp:attachment":[{"href":"https:\/\/www.europesays.com\/pt\/wp-json\/wp\/v2\/media?parent=81721"}],"wp:term":[{"taxonomy":"category","embeddable":true,"href":"https:\/\/www.europesays.com\/pt\/wp-json\/wp\/v2\/categories?post=81721"},{"taxonomy":"post_tag","embeddable":true,"href":"https:\/\/www.europesays.com\/pt\/wp-json\/wp\/v2\/tags?post=81721"}],"curies":[{"name":"wp","href":"https:\/\/api.w.org\/{rel}","templated":true}]}}