{"id":81723,"date":"2025-09-22T11:50:20","date_gmt":"2025-09-22T11:50:20","guid":{"rendered":"https:\/\/www.europesays.com\/pt\/81723\/"},"modified":"2025-09-22T11:50:20","modified_gmt":"2025-09-22T11:50:20","slug":"nao-se-consegue-comer-uma-sandes-de-presunto-em-macao","status":"publish","type":"post","link":"https:\/\/www.europesays.com\/pt\/81723\/","title":{"rendered":"\u201cn\u00e3o se consegue comer uma sandes de presunto em Ma\u00e7\u00e3o\u201d"},"content":{"rendered":"<p>J\u00e1 come\u00e7aram os primeiros debates das elei\u00e7\u00f5es aut\u00e1rquicas. S\u00e3o debates muito mais f\u00e1ceis de acompanhar, porque ao contr\u00e1rio de outras elei\u00e7\u00f5es em que se fala de coisas mais t\u00e9cnicas e abstractas, como a sustentabilidade da seguran\u00e7a social ou os juros da d\u00edvida p\u00fablica, aqui fala-se dos problemas reais das pessoas. Das dificuldades da vida de todos os dias. Do que faz falta em cada localidade: sandes de presunto e ar da Guarda.<\/p>\n<p>Na segunda parte, h\u00e1 embate entre os dois principais candidatos \u00e0 C\u00e2mara do Porto, Manuel Pizarro e Pedro Duarte.Ou\u00e7a aqui o programa &#8216;Isto \u00e9 Gozar com Quem Trabalha&#8217; em podcast, emitido na SIC Not\u00edcias na noite de 21 de setembro.<\/p>\n<p>\t\t<img decoding=\"async\" src=\"https:\/\/www.europesays.com\/pt\/wp-content\/uploads\/2025\/09\/1758541820_454_\"  loading=\"true\"\/><\/p>\n<p>                        SIC Not\u00edcias<\/p>\n<p>\u201cNormalmente, as pessoas de quem a gente fala t\u00eam empregos a s\u00e9rio, ao contr\u00e1rio de n\u00f3s. S\u00e3o ministros, empres\u00e1rios, banqueiros\u2026 Basicamente, o que a gente faz \u00e9 gozar com quem trabalha\u201d R.A.P. Ou\u00e7a mais epis\u00f3dios:<\/p>\n","protected":false},"excerpt":{"rendered":"J\u00e1 come\u00e7aram os primeiros debates das elei\u00e7\u00f5es aut\u00e1rquicas. S\u00e3o debates muito mais f\u00e1ceis de acompanhar, porque ao contr\u00e1rio&hellip;\n","protected":false},"author":2,"featured_media":81724,"comment_status":"","ping_status":"","sticky":false,"template":"","format":"standard","meta":{"footnotes":""},"categories":[10],"tags":[27,28,15,16,14,25,26,21,22,12,13,19,20,32,23,24,33,17,18,29,30,31],"class_list":{"0":"post-81723","1":"post","2":"type-post","3":"status-publish","4":"format-standard","5":"has-post-thumbnail","7":"category-portugal","8":"tag-breaking-news","9":"tag-breakingnews","10":"tag-featured-news","11":"tag-featurednews","12":"tag-headlines","13":"tag-latest-news","14":"tag-latestnews","15":"tag-main-news","16":"tag-mainnews","17":"tag-news","18":"tag-noticias","19":"tag-noticias-principais","20":"tag-noticiasprincipais","21":"tag-portugal","22":"tag-principais-noticias","23":"tag-principaisnoticias","24":"tag-pt","25":"tag-top-stories","26":"tag-topstories","27":"tag-ultimas","28":"tag-ultimas-noticias","29":"tag-ultimasnoticias"},"share_on_mastodon":{"url":"","error":""},"_links":{"self":[{"href":"https:\/\/www.europesays.com\/pt\/wp-json\/wp\/v2\/posts\/81723","targetHints":{"allow":["GET"]}}],"collection":[{"href":"https:\/\/www.europesays.com\/pt\/wp-json\/wp\/v2\/posts"}],"about":[{"href":"https:\/\/www.europesays.com\/pt\/wp-json\/wp\/v2\/types\/post"}],"author":[{"embeddable":true,"href":"https:\/\/www.europesays.com\/pt\/wp-json\/wp\/v2\/users\/2"}],"replies":[{"embeddable":true,"href":"https:\/\/www.europesays.com\/pt\/wp-json\/wp\/v2\/comments?post=81723"}],"version-history":[{"count":0,"href":"https:\/\/www.europesays.com\/pt\/wp-json\/wp\/v2\/posts\/81723\/revisions"}],"wp:featuredmedia":[{"embeddable":true,"href":"https:\/\/www.europesays.com\/pt\/wp-json\/wp\/v2\/media\/81724"}],"wp:attachment":[{"href":"https:\/\/www.europesays.com\/pt\/wp-json\/wp\/v2\/media?parent=81723"}],"wp:term":[{"taxonomy":"category","embeddable":true,"href":"https:\/\/www.europesays.com\/pt\/wp-json\/wp\/v2\/categories?post=81723"},{"taxonomy":"post_tag","embeddable":true,"href":"https:\/\/www.europesays.com\/pt\/wp-json\/wp\/v2\/tags?post=81723"}],"curies":[{"name":"wp","href":"https:\/\/api.w.org\/{rel}","templated":true}]}}