{"id":81755,"date":"2025-09-22T12:17:10","date_gmt":"2025-09-22T12:17:10","guid":{"rendered":"https:\/\/www.europesays.com\/pt\/81755\/"},"modified":"2025-09-22T12:17:10","modified_gmt":"2025-09-22T12:17:10","slug":"principal-senador-democrata-alerta-que-trump-conduz-eua-para-uma-ditadura","status":"publish","type":"post","link":"https:\/\/www.europesays.com\/pt\/81755\/","title":{"rendered":"Principal senador democrata alerta que Trump conduz EUA &#8220;para uma ditadura&#8221;"},"content":{"rendered":"<p>Transformar o departamento &#8220;num instrumento que persegue seus inimigos, sejam culpados ou n\u00e3o, \u00e9 o caminho para uma ditadura&#8221;, declarou o l\u00edder da minoria no Senado, Chuck Schumer, \u00e0 CNN. &#8220;\u00c9 isso que fazem as ditaduras&#8221;, insistiu.<\/p>\n<p data-remotead-prev-elm=\"true\" data-remotead-elm-id=\"inread\">Trump havia instado publicamente, no s\u00e1bado, o Departamento de Justi\u00e7a a tomar medidas contra os seus supostos inimigos, a \u00faltima de uma s\u00e9rie de a\u00e7\u00f5es que, segundo cr\u00edticos, prejudicaram a tradicional independ\u00eancia da pasta.<\/p>\n<p>Numa publica\u00e7\u00e3o em rede social dirigida a &#8220;Pam&#8221;, aparentemente a procuradora-geral Pam Bondi, Trump expressou frustra\u00e7\u00e3o pela falta de a\u00e7\u00f5es legais contra o senador da Calif\u00f3rnia Adam Schiff e a procuradora-geral de Nova Iorque, Letitia James, ambos democratas.<\/p>\n<p data-remotead-prev-elm=\"true\" data-remotead-elm-id=\"centro1\">Schiff e James s\u00e3o acusados por um aliado pr\u00f3ximo de Trump, o diretor da Ag\u00eancia Federal de Financiamento de Habita\u00e7\u00e3o, Bill Pulte, de falsificar documentos em solicita\u00e7\u00f5es de hipoteca. &#8220;N\u00e3o podemos demorar mais, est\u00e1 a prejudicar a nossa reputa\u00e7\u00e3o e credibilidade&#8221;, declarou Trump.<\/p>\n<p>Na sexta-feira, o presidente demitiu o procurador federal Erik Siebert, que supervisionava a investiga\u00e7\u00e3o sobre James, depois de ele ter insistido que n\u00e3o havia provas suficientes para acus\u00e1-la de fraude hipotec\u00e1ria. &#8220;Eu demiti-o, e h\u00e1 um GRANDE CASO, e muitos advogados e especialistas legais o confirmam&#8221;, declarou Trump, no s\u00e1bado, aparentemente referindo-se \u00e0 investiga\u00e7\u00e3o sobre James.<\/p>\n<p data-remotead-prev-elm=\"true\" data-remotead-elm-id=\"centro2\">Schiff e James j\u00e1 tinham confrontado Trump em anos anteriores, liderando investiga\u00e7\u00f5es que o presidente republicano classificou como ca\u00e7a \u00e0s bruxas pol\u00edtica.<\/p>\n","protected":false},"excerpt":{"rendered":"Transformar o departamento &#8220;num instrumento que persegue seus inimigos, sejam culpados ou n\u00e3o, \u00e9 o caminho para uma&hellip;\n","protected":false},"author":2,"featured_media":81756,"comment_status":"","ping_status":"","sticky":false,"template":"","format":"standard","meta":{"footnotes":""},"categories":[50],"tags":[27,28,92,413,15,16,14,25,26,21,22,62,12,13,19,20,23,24,17,18,29,30,31,63,64,65],"class_list":{"0":"post-81755","1":"post","2":"type-post","3":"status-publish","4":"format-standard","5":"has-post-thumbnail","7":"category-mundo","8":"tag-breaking-news","9":"tag-breakingnews","10":"tag-donald-trump","11":"tag-eua","12":"tag-featured-news","13":"tag-featurednews","14":"tag-headlines","15":"tag-latest-news","16":"tag-latestnews","17":"tag-main-news","18":"tag-mainnews","19":"tag-mundo","20":"tag-news","21":"tag-noticias","22":"tag-noticias-principais","23":"tag-noticiasprincipais","24":"tag-principais-noticias","25":"tag-principaisnoticias","26":"tag-top-stories","27":"tag-topstories","28":"tag-ultimas","29":"tag-ultimas-noticias","30":"tag-ultimasnoticias","31":"tag-world","32":"tag-world-news","33":"tag-worldnews"},"share_on_mastodon":{"url":"","error":""},"_links":{"self":[{"href":"https:\/\/www.europesays.com\/pt\/wp-json\/wp\/v2\/posts\/81755","targetHints":{"allow":["GET"]}}],"collection":[{"href":"https:\/\/www.europesays.com\/pt\/wp-json\/wp\/v2\/posts"}],"about":[{"href":"https:\/\/www.europesays.com\/pt\/wp-json\/wp\/v2\/types\/post"}],"author":[{"embeddable":true,"href":"https:\/\/www.europesays.com\/pt\/wp-json\/wp\/v2\/users\/2"}],"replies":[{"embeddable":true,"href":"https:\/\/www.europesays.com\/pt\/wp-json\/wp\/v2\/comments?post=81755"}],"version-history":[{"count":0,"href":"https:\/\/www.europesays.com\/pt\/wp-json\/wp\/v2\/posts\/81755\/revisions"}],"wp:featuredmedia":[{"embeddable":true,"href":"https:\/\/www.europesays.com\/pt\/wp-json\/wp\/v2\/media\/81756"}],"wp:attachment":[{"href":"https:\/\/www.europesays.com\/pt\/wp-json\/wp\/v2\/media?parent=81755"}],"wp:term":[{"taxonomy":"category","embeddable":true,"href":"https:\/\/www.europesays.com\/pt\/wp-json\/wp\/v2\/categories?post=81755"},{"taxonomy":"post_tag","embeddable":true,"href":"https:\/\/www.europesays.com\/pt\/wp-json\/wp\/v2\/tags?post=81755"}],"curies":[{"name":"wp","href":"https:\/\/api.w.org\/{rel}","templated":true}]}}