{"id":81859,"date":"2025-09-22T13:37:11","date_gmt":"2025-09-22T13:37:11","guid":{"rendered":"https:\/\/www.europesays.com\/pt\/81859\/"},"modified":"2025-09-22T13:37:11","modified_gmt":"2025-09-22T13:37:11","slug":"emef-teresinha-vieira-de-camargo-barros-celebra-lancamento-do-livro-a-pobre-estrelinha-escrito-por-aluna-do-2o-ano","status":"publish","type":"post","link":"https:\/\/www.europesays.com\/pt\/81859\/","title":{"rendered":"EMEF \u201cTERESINHA VIEIRA DE CAMARGO BARROS\u201d CELEBRA LAN\u00c7AMENTO DO LIVRO \u201cA POBRE ESTRELINHA\u201d, ESCRITO POR ALUNA DO 2\u00ba ANO"},"content":{"rendered":"<p>Na tarde da \u00faltima quinta-feira (18\/9), a EMEF \u201cTeresinha Vieira de Camargo Barros\u201d \u2013 pertencente a Rede Municipal de Educa\u00e7\u00e3o da Prefeitura de Tatu\u00ed -, viveu um momento de grande emo\u00e7\u00e3o e orgulho. A escola realizou o lan\u00e7amento do livro infantil \u201cA pobre estrelinha\u201d, escrito por Lara Manuela Aguiar Pinheiro, de 8 anos de idade e aluna do 2\u00ba ano do Ensino Fundamental.<\/p>\n<p>A hist\u00f3ria do livro nasceu de forma simples e encantadora. Com criatividade e imagina\u00e7\u00e3o, Lara confeccionou a obra em folhas de caderno e presenteou sua professora Maria Roberta Pettinelli Teles Falc\u00e3o Pires da Silva, atualmente bibliotec\u00e1ria da Unidade Escolar. Encantada com o gesto, a educadora compartilhou o trabalho com a fam\u00edlia da estudante, que apoiou a ideia e transformou o projeto em um livro publicado.<\/p>\n<p>O lan\u00e7amento foi organizado pelo diretor da escola, Jader Barbosa da Silva, reunindo representantes da Educa\u00e7\u00e3o, Cultura e Administra\u00e7\u00e3o Municipal. A cerim\u00f4nia foi conduzida pelo advogado, jornalista, professor e escritor Benedito de Godoy Moroni, membro da Academia Venceslauense de Letras, que ressaltou a import\u00e2ncia de incentivar a literatura desde a inf\u00e2ncia.<\/p>\n<p>Estiveram presentes no evento o secret\u00e1rio-adjunto de Cultura, Rog\u00e9rio Vianna; o diretor de Museus e Mem\u00f3ria, Cristiano Guimar\u00e3es; a secret\u00e1ria-adjunta de Educa\u00e7\u00e3o, Jocilene Vioto, representando a secret\u00e1ria municipal Ros\u00e2ngela Aparecida Domingues Fernandes da Silva; a supervisora de ensino da unidade, Eliane Oliveira; a coordenadora, Fernanda Aparecida de Paula Figueir\u00f3; o artista pl\u00e1stico Jaime Pinheiro; al\u00e9m de professores, funcion\u00e1rios, alunos e demais convidados.<\/p>\n<p>Mais do que um lan\u00e7amento, a tarde representou a valoriza\u00e7\u00e3o da educa\u00e7\u00e3o, da cultura e do talento precoce de Lara. A jovem escritora tornou-se exemplo de que sonhos podem ser incentivados e cultivados desde cedo, com apoio da escola, da fam\u00edlia e da comunidade.<\/p>\n<p>A Prefeitura de Tatu\u00ed, por meio das Secretarias Municipais de Educa\u00e7\u00e3o e de Esporte, Cultura, Turismo e Lazer, parabeniza Lara Manuela Aguiar Pinheiro por seu talento e criatividade, reafirmando o compromisso com a valoriza\u00e7\u00e3o da educa\u00e7\u00e3o, da cultura e dos novos talentos.<\/p>\n","protected":false},"excerpt":{"rendered":"Na tarde da \u00faltima quinta-feira (18\/9), a EMEF \u201cTeresinha Vieira de Camargo Barros\u201d \u2013 pertencente a Rede Municipal&hellip;\n","protected":false},"author":2,"featured_media":81860,"comment_status":"","ping_status":"","sticky":false,"template":"","format":"standard","meta":{"footnotes":""},"categories":[143],"tags":[169,315,114,115,5665,294,170,32,33,1456],"class_list":{"0":"post-81859","1":"post","2":"type-post","3":"status-publish","4":"format-standard","5":"has-post-thumbnail","7":"category-livros","8":"tag-books","9":"tag-cultura","10":"tag-entertainment","11":"tag-entretenimento","12":"tag-juventude","13":"tag-lazer","14":"tag-livros","15":"tag-portugal","16":"tag-pt","17":"tag-turismo"},"share_on_mastodon":{"url":"","error":""},"_links":{"self":[{"href":"https:\/\/www.europesays.com\/pt\/wp-json\/wp\/v2\/posts\/81859","targetHints":{"allow":["GET"]}}],"collection":[{"href":"https:\/\/www.europesays.com\/pt\/wp-json\/wp\/v2\/posts"}],"about":[{"href":"https:\/\/www.europesays.com\/pt\/wp-json\/wp\/v2\/types\/post"}],"author":[{"embeddable":true,"href":"https:\/\/www.europesays.com\/pt\/wp-json\/wp\/v2\/users\/2"}],"replies":[{"embeddable":true,"href":"https:\/\/www.europesays.com\/pt\/wp-json\/wp\/v2\/comments?post=81859"}],"version-history":[{"count":0,"href":"https:\/\/www.europesays.com\/pt\/wp-json\/wp\/v2\/posts\/81859\/revisions"}],"wp:featuredmedia":[{"embeddable":true,"href":"https:\/\/www.europesays.com\/pt\/wp-json\/wp\/v2\/media\/81860"}],"wp:attachment":[{"href":"https:\/\/www.europesays.com\/pt\/wp-json\/wp\/v2\/media?parent=81859"}],"wp:term":[{"taxonomy":"category","embeddable":true,"href":"https:\/\/www.europesays.com\/pt\/wp-json\/wp\/v2\/categories?post=81859"},{"taxonomy":"post_tag","embeddable":true,"href":"https:\/\/www.europesays.com\/pt\/wp-json\/wp\/v2\/tags?post=81859"}],"curies":[{"name":"wp","href":"https:\/\/api.w.org\/{rel}","templated":true}]}}