{"id":81873,"date":"2025-09-22T13:45:12","date_gmt":"2025-09-22T13:45:12","guid":{"rendered":"https:\/\/www.europesays.com\/pt\/81873\/"},"modified":"2025-09-22T13:45:12","modified_gmt":"2025-09-22T13:45:12","slug":"precos-das-casas-em-portugal-aceleram-para-subida-de-172-observador","status":"publish","type":"post","link":"https:\/\/www.europesays.com\/pt\/81873\/","title":{"rendered":"Pre\u00e7os das casas em Portugal aceleram para subida de 17,2% \u2013 Observador"},"content":{"rendered":"<p>Os pre\u00e7os das casas em Portugal aceleraram para uma <strong>subida de 17,2% no 2\u00ba trimestre<\/strong>, de acordo com o INE. \u00c9 uma acelera\u00e7\u00e3o de quase um ponto percentual em rela\u00e7\u00e3o \u00e0 subida hom\u00f3loga do 1\u00ba trimestre e um <strong>novo recorde<\/strong> que \u00e9 acompanhado por um aumento muito significativo do n\u00famero total (e do valor) de casas transacionadas.<\/p>\n<p>A informa\u00e7\u00e3o foi publicada nesta segunda-feira pelo Instituto Nacional de Estat\u00edstica (INE). O organismo oficial de estat\u00edsticas acrescenta que em rela\u00e7\u00e3o ao trimestre anterior, \u00edndice (IPHab) cresceu 4,7%, uma varia\u00e7\u00e3o ligeiramente menos do que no trimestre precedente.<\/p>\n<p>Trata-se de taxas que revelam um <strong>crescimento \u201cfort\u00edsimo\u201d dos pre\u00e7os das casas em Portugal<\/strong>, salientam os economistas do BPI em nota de an\u00e1lise difundida nesta segunda-feira, ap\u00f3s a divulga\u00e7\u00e3o dos dados. Os economistas previam um crescimento na ordem dos 14%, pelo que o valor oficial saiu muito superior \u00e0s expectativas.<\/p>\n<p>\u201cCom este dado <strong>\u00e9 bastante claro que em 2025 o mercado imobili\u00e1rio se manter\u00e1 em zona de expans\u00e3o<\/strong> (aumento dos pre\u00e7os e do n\u00famero de transa\u00e7\u00f5es) principalmente porque os diferentes fatores que promoveram a procura em 2024 continuam presentes\u201d, antecipam os economistas do BPI.<\/p>\n<blockquote>\n<p>Por ora, o evitar da escalada para uma guerra tarif\u00e1ria entre a Zona Euro e os EUA reduziu a incerteza e vai permitindo a conten\u00e7\u00e3o da infla\u00e7\u00e3o, resultando no estacionar das taxas de juro em niveis considerados neutrais pelo BCE. O mercado de trabalho continua com n\u00famero de pessoas empregadas em niveis m\u00e1ximos, baixa taxa de desemprego e os sal\u00e1rios a subirem em termos reais. Algumas medidas de estimulo \u00e0 procura tamb\u00e9m v\u00e3o manter-se, nomeadamente as que dizem respeito \u00e0s isen\u00e7\u00f5es fiscais e garantia p\u00fablica para jovens na compra de habita\u00e7\u00e3o pr\u00f3pria permanente. Ao n\u00edvel da oferta, o ritmo da nova constru\u00e7\u00e3o tem vindo a acelerar em 2025, mas o output ainda est\u00e1 longe dos n\u00edveis observados na primeira d\u00e9cada do s\u00e9c. XXI\u201d.<\/p>\n<\/blockquote>\n<p>        <img src=\"https:\/\/www.europesays.com\/pt\/wp-content\/uploads\/2025\/09\/captura-de-ecra-2025-09-22-114556.jpg\" alt=\"\" loading=\"lazy\" decoding=\"async\" class=\"\" onload=\"this.parentElement.classList.remove('spinner')\" onerror=\"this.parentElement.classList.remove('spinner')\" width=\"1072\" height=\"744\"\/>    <\/p>\n<p class=\"wp-caption-text\">FONTE: Instituto Nacional de Estat\u00edstica<\/p>\n<p>O INE acrescenta que, entre abril e junho de 2025, transacionaram-se<strong> 42.889 habita\u00e7\u00f5es, um aumento de 15,5%<\/strong> face ao per\u00edodo hom\u00f3logo e um crescimento de 3,7% face ao trimestre anterior. No segundo trimestre, o valor das habita\u00e7\u00f5es transacionadas atingiu 10,3 mil milh\u00f5es de euros, <strong>mais 30,4%<\/strong> que em id\u00eantico per\u00edodo de 2024.<\/p>\n<p>O IPHab \u00e9 compilado atrav\u00e9s de informa\u00e7\u00e3o administrativa fiscal anonimizada, enviada pela Autoridade Tribut\u00e1ria e Aduaneira ao abrigo de um Protocolo celebrado com o INE, referente ao Imposto Municipal sobre as Transmiss\u00f5es Onerosas de Im\u00f3veis (IMT) e ao Imposto Municipal sobre Im\u00f3veis (IMI).<\/p>\n","protected":false},"excerpt":{"rendered":"Os pre\u00e7os das casas em Portugal aceleraram para uma subida de 17,2% no 2\u00ba trimestre, de acordo com&hellip;\n","protected":false},"author":2,"featured_media":81874,"comment_status":"","ping_status":"","sticky":false,"template":"","format":"standard","meta":{"footnotes":""},"categories":[83],"tags":[88,476,89,90,8020,9887,4307,57,32,33,58],"class_list":{"0":"post-81873","1":"post","2":"type-post","3":"status-publish","4":"format-standard","5":"has-post-thumbnail","7":"category-empresas","8":"tag-business","9":"tag-economia","10":"tag-economy","11":"tag-empresas","12":"tag-habitau00e7u00e3o-e-urbanismo","13":"tag-instituto-nacional-estatu00edstica","14":"tag-mercado-imobiliu00e1rio","15":"tag-pau00eds","16":"tag-portugal","17":"tag-pt","18":"tag-sociedade"},"share_on_mastodon":{"url":"","error":""},"_links":{"self":[{"href":"https:\/\/www.europesays.com\/pt\/wp-json\/wp\/v2\/posts\/81873","targetHints":{"allow":["GET"]}}],"collection":[{"href":"https:\/\/www.europesays.com\/pt\/wp-json\/wp\/v2\/posts"}],"about":[{"href":"https:\/\/www.europesays.com\/pt\/wp-json\/wp\/v2\/types\/post"}],"author":[{"embeddable":true,"href":"https:\/\/www.europesays.com\/pt\/wp-json\/wp\/v2\/users\/2"}],"replies":[{"embeddable":true,"href":"https:\/\/www.europesays.com\/pt\/wp-json\/wp\/v2\/comments?post=81873"}],"version-history":[{"count":0,"href":"https:\/\/www.europesays.com\/pt\/wp-json\/wp\/v2\/posts\/81873\/revisions"}],"wp:featuredmedia":[{"embeddable":true,"href":"https:\/\/www.europesays.com\/pt\/wp-json\/wp\/v2\/media\/81874"}],"wp:attachment":[{"href":"https:\/\/www.europesays.com\/pt\/wp-json\/wp\/v2\/media?parent=81873"}],"wp:term":[{"taxonomy":"category","embeddable":true,"href":"https:\/\/www.europesays.com\/pt\/wp-json\/wp\/v2\/categories?post=81873"},{"taxonomy":"post_tag","embeddable":true,"href":"https:\/\/www.europesays.com\/pt\/wp-json\/wp\/v2\/tags?post=81873"}],"curies":[{"name":"wp","href":"https:\/\/api.w.org\/{rel}","templated":true}]}}