{"id":81875,"date":"2025-09-22T13:46:12","date_gmt":"2025-09-22T13:46:12","guid":{"rendered":"https:\/\/www.europesays.com\/pt\/81875\/"},"modified":"2025-09-22T13:46:12","modified_gmt":"2025-09-22T13:46:12","slug":"libertacao-de-refens-para-abrir-embaixada-na-palestina","status":"publish","type":"post","link":"https:\/\/www.europesays.com\/pt\/81875\/","title":{"rendered":"Liberta\u00e7\u00e3o de Ref\u00e9ns para Abrir Embaixada na Palestina"},"content":{"rendered":"<p>O Presidente franc\u00eas exigiu a liberta\u00e7\u00e3o dos ref\u00e9ns do movimento islamita palestiniano Hamas para abrir uma embaixada na Palestina, numa entrevista este domingo (21 de setembro) transmitida pela esta\u00e7\u00e3o televisiva norte-americana CBS, na v\u00e9spera de reconhecer o Estado palestiniano.<\/p>\n<p>A liberta\u00e7\u00e3o dos ref\u00e9ns israelitas ainda em cativeiro na Faixa de Gaza \u201c\u00e9 uma condi\u00e7\u00e3o clara antes de abrirmos uma embaixada\u201d, declarou Emmanuel Macron, numa entrevista gravada na quinta-feira em Paris.<\/p>\n<p><strong>Fran\u00e7a tem um consulado-geral em Jerusal\u00e9m, que representa o pa\u00eds junto da Autoridade Palestiniana, e a embaixada francesa em Israel fica em Telavive.<\/strong><\/p>\n<p>Reconhecer\u00e1 oficialmente o Estado palestiniano, com mais alguns pa\u00edses, incluindo Portugal, na segunda-feira, numa cimeira na sede das Na\u00e7\u00f5es Unidas, em Nova Iorque.<\/p>\n<p>Questionado por um jornalista do programa \u201cFace the Nation\u201d sobre se a liberta\u00e7\u00e3o dos ref\u00e9ns \u00e9 uma condi\u00e7\u00e3o para este reconhecimento, Macron respondeu: \u201cPara n\u00f3s, ser\u00e1 uma condi\u00e7\u00e3o clara antes de abrirmos, por exemplo, uma embaixada na Palestina\u201d.<\/p>\n<p><strong>\u201cEssa condi\u00e7\u00e3o \u00e9 a primeira de uma s\u00e9rie de pr\u00e9-requisitos que defenderemos no \u00e2mbito do processo de paz. Mas vamos anunciar o reconhecimento de um Estado palestiniano no dia 22 [de setembro]\u201d, respondeu o Presidente franc\u00eas, numa rara entrevista exclusiva a uma televis\u00e3o norte-americana.<\/strong><\/p>\n<p>Antes da cimeira, o Reino Unido, o Canad\u00e1 e a Austr\u00e1lia reconheceram este domingo oficialmente o Estado palestiniano, um grupo a que tamb\u00e9m se juntou Portugal.<\/p>\n","protected":false},"excerpt":{"rendered":"O Presidente franc\u00eas exigiu a liberta\u00e7\u00e3o dos ref\u00e9ns do movimento islamita palestiniano Hamas para abrir uma embaixada na&hellip;\n","protected":false},"author":2,"featured_media":81876,"comment_status":"","ping_status":"","sticky":false,"template":"","format":"standard","meta":{"footnotes":"","_share_on_mastodon":"0"},"categories":[50],"tags":[27,28,18100,15,16,208,14,259,25,26,21,22,62,12,13,19,20,431,23,24,4783,17,18,29,30,31,63,64,65],"class_list":["post-81875","post","type-post","status-publish","format-standard","has-post-thumbnail","category-mundo","tag-breaking-news","tag-breakingnews","tag-embaixada","tag-featured-news","tag-featurednews","tag-franca","tag-headlines","tag-israel","tag-latest-news","tag-latestnews","tag-main-news","tag-mainnews","tag-mundo","tag-news","tag-noticias","tag-noticias-principais","tag-noticiasprincipais","tag-palestina","tag-principais-noticias","tag-principaisnoticias","tag-refens","tag-top-stories","tag-topstories","tag-ultimas","tag-ultimas-noticias","tag-ultimasnoticias","tag-world","tag-world-news","tag-worldnews"],"share_on_mastodon":{"url":"","error":""},"_links":{"self":[{"href":"https:\/\/www.europesays.com\/pt\/wp-json\/wp\/v2\/posts\/81875","targetHints":{"allow":["GET"]}}],"collection":[{"href":"https:\/\/www.europesays.com\/pt\/wp-json\/wp\/v2\/posts"}],"about":[{"href":"https:\/\/www.europesays.com\/pt\/wp-json\/wp\/v2\/types\/post"}],"author":[{"embeddable":true,"href":"https:\/\/www.europesays.com\/pt\/wp-json\/wp\/v2\/users\/2"}],"replies":[{"embeddable":true,"href":"https:\/\/www.europesays.com\/pt\/wp-json\/wp\/v2\/comments?post=81875"}],"version-history":[{"count":0,"href":"https:\/\/www.europesays.com\/pt\/wp-json\/wp\/v2\/posts\/81875\/revisions"}],"wp:featuredmedia":[{"embeddable":true,"href":"https:\/\/www.europesays.com\/pt\/wp-json\/wp\/v2\/media\/81876"}],"wp:attachment":[{"href":"https:\/\/www.europesays.com\/pt\/wp-json\/wp\/v2\/media?parent=81875"}],"wp:term":[{"taxonomy":"category","embeddable":true,"href":"https:\/\/www.europesays.com\/pt\/wp-json\/wp\/v2\/categories?post=81875"},{"taxonomy":"post_tag","embeddable":true,"href":"https:\/\/www.europesays.com\/pt\/wp-json\/wp\/v2\/tags?post=81875"}],"curies":[{"name":"wp","href":"https:\/\/api.w.org\/{rel}","templated":true}]}}