{"id":81903,"date":"2025-09-22T14:08:13","date_gmt":"2025-09-22T14:08:13","guid":{"rendered":"https:\/\/www.europesays.com\/pt\/81903\/"},"modified":"2025-09-22T14:08:13","modified_gmt":"2025-09-22T14:08:13","slug":"homem-aranha-um-novo-dia-tom-holland-confirma-uniforme-inspirado-nos-trajes-de-tobey-maguire-e-andrew-garfield","status":"publish","type":"post","link":"https:\/\/www.europesays.com\/pt\/81903\/","title":{"rendered":"&#8216;Homem-Aranha: Um Novo Dia&#8217;: Tom Holland confirma uniforme INSPIRADO nos trajes de Tobey Maguire e Andrew Garfield"},"content":{"rendered":"<p><strong>\u2018<a href=\"https:\/\/cinepop.com.br\/tag\/homem-aranha\/\" title=\"Homem-Aranha\" rel=\"nofollow noopener\" target=\"_blank\">Homem-Aranha<\/a>: Um Novo Dia\u2019<\/strong>, novo cap\u00edtulo da franquia estrelada por <strong><a href=\"https:\/\/cinepop.com.br\/tag\/tom-holland\/\" title=\"Tom Holland\" rel=\"nofollow noopener\" target=\"_blank\">Tom Holland<\/a><\/strong>, j\u00e1 \u00e9 um dos filmes mais aguardados da pr\u00f3xima leva de lan\u00e7amentos da\u00a0<strong><a href=\"https:\/\/cinepop.com.br\/tag\/marvel\/\" title=\"Marvel\" rel=\"nofollow noopener\" target=\"_blank\">Marvel<\/a> Studios<\/strong> \u2013 e trar\u00e1 um visual novo ao Cabe\u00e7a de Teia.<\/p>\n<p>Ap\u00f3s os eventos de\u00a0<strong>\u2018Sem Volta para Casa\u2019<\/strong>, em que Peter Parker foi apagado da mem\u00f3ria de todos ap\u00f3s quase destruir o multiverso, ele deixou de ser o protegido de Tony Stark\/Homem de Ferro e n\u00e3o conta mais com a tecnologia das Ind\u00fastrias Stark para seu uniforme. E, em entrevista \u00e0 revista <a href=\"https:\/\/www.instagram.com\/p\/DO0_FjKjuaS\/\" rel=\"nofollow noopener\" target=\"_blank\">Complex<\/a>, Holland confirmou que o novo visual\u00a0traz homenagens \u00e0s vestimentas usadas por <strong>Tobey Maguire<\/strong> e\u00a0<strong>Andrew Garfield<\/strong> em suas respectivas franquias.<\/p>\n<p>\u201cEstou muito feliz que as pessoas estejam gostando da homenagem ao traje do Tobey e do Andrew\u201d, disse ele. \u201cAcho que o terceiro filme foi muito sobre prestar homenagem a esses caras. Gosto muito da ideia de que ele est\u00e1 tentando ser como seus irm\u00e3os mais velhos, que ele admira, e v\u00ea pequenos detalhes nos trajes deles que ele acha muito legais. Agora ele est\u00e1 fazendo o seu pr\u00f3prio traje e n\u00e3o faz parte dessa equipe maior\u201d.<\/p>\n<p>Holland tamb\u00e9m contou que o ambicioso longa-metragem ser\u00e1 um novo come\u00e7o para o her\u00f3i e explicou por que o filme n\u00e3o soa como uma continua\u00e7\u00e3o direta dos anteriores.<\/p>\n<p>\u201cParece mesmo que n\u00e3o estamos fazendo o quarto filme. Estamos fazendo o primeiro filme do pr\u00f3ximo cap\u00edtulo. \u00c9 um renascimento\u201d, o astro explicou. \u201c\u00c9 algo completamente novo\u201d.<\/p>\n<p><a href=\"https:\/\/cinepop.com.br\/homem-aranha-um-novo-dia-imagem-de-bastidores-pode-ter-confirmado-retorno-de-spoiler-692114\/\" rel=\"nofollow noopener\" target=\"_blank\">\u2018Homem-Aranha: Um Novo Dia\u2019: Imagem de bastidores pode ter confirmado retorno de [SPOILER]<\/a><\/p>\n<p><a href=\"https:\/\/cinepop.com.br\/tom-holland-fala-sobre-futuro-apos-homem-aranha-um-novo-dia-690587\/\" rel=\"nofollow noopener\" target=\"_blank\">Tom Holland fala sobre futuro ap\u00f3s \u2018Homem-Aranha: Um Novo Dia\u2019<\/a><\/p>\n<p><strong>Lembrando que \u2018<a href=\"https:\/\/cinepop.com.br\/tag\/homem-aranha\/\" title=\"Homem-Aranha\" rel=\"nofollow noopener\" target=\"_blank\">Homem-Aranha<\/a>: Um Novo Dia\u2019 tem estreia marcada para 31 de julho de 2026.<\/strong><\/p>\n<p>Esse ser\u00e1 o quarto filme solo do <a href=\"https:\/\/cinepop.com.br\/tag\/homem-aranha\/\" title=\"Homem-Aranha\" rel=\"nofollow noopener\" target=\"_blank\">Homem-Aranha<\/a> no Universo Cinematogr\u00e1fico <a href=\"https:\/\/cinepop.com.br\/tag\/marvel\/\" title=\"Marvel\" rel=\"nofollow noopener\" target=\"_blank\">Marvel<\/a> (MCU), resultado da parceria entre Sony e Disney.<\/p>\n<p>O novo longa \u00e9 baseado no arco hom\u00f4nimo dos quadrinhos. Na hist\u00f3ria original, Peter Parker faz um pacto com o dem\u00f4nio Mephisto para que o mundo esque\u00e7a sua identidade como <a href=\"https:\/\/cinepop.com.br\/tag\/homem-aranha\/\" title=\"Homem-Aranha\" rel=\"nofollow noopener\" target=\"_blank\">Homem-Aranha<\/a> e para salvar a vida de Tia May. No entanto, o feiti\u00e7o essencialmente reinicia sua realidade, apagando at\u00e9 mesmo seu casamento com MJ.<\/p>\n<p>A dire\u00e7\u00e3o de <strong>\u2018Um Novo Dia\u2019<\/strong> est\u00e1 a cargo de <strong><a href=\"https:\/\/cinepop.com.br\/tag\/destin-daniel-cretton\/\" title=\"Destin Daniel Cretton\" rel=\"nofollow noopener\" target=\"_blank\">Destin Daniel Cretton<\/a><\/strong>, conhecido por seu trabalho em <strong>\u2018Shang-Chi e a Lenda dos Dez An\u00e9is\u2019<\/strong>. O filme tamb\u00e9m promete participa\u00e7\u00f5es especiais de <strong><a href=\"https:\/\/cinepop.com.br\/tag\/jon-bernthal\/\" title=\"Jon Bernthal\" rel=\"nofollow noopener\" target=\"_blank\">Jon Bernthal<\/a><\/strong> como o Justiceiro e <strong><a href=\"https:\/\/cinepop.com.br\/tag\/mark-ruffalo\/\" title=\"Mark Ruffalo\" rel=\"nofollow noopener\" target=\"_blank\">Mark Ruffalo<\/a><\/strong> como Bruce Banner, o Hulk.<\/p>\n<p><img fetchpriority=\"high\" decoding=\"async\" src=\"https:\/\/www.europesays.com\/pt\/wp-content\/uploads\/2025\/09\/homem-aranha-4-1.jpg\" alt=\"\" width=\"1000\" height=\"667\"   class=\"no-lazy\"\/><\/p>\n<p>&#8211; Publicidade &#8211; <\/p>\n<p><script async src=\"\/\/www.instagram.com\/embed.js\"><\/script><\/p>\n","protected":false},"excerpt":{"rendered":"\u2018Homem-Aranha: Um Novo Dia\u2019, novo cap\u00edtulo da franquia estrelada por Tom Holland, j\u00e1 \u00e9 um dos filmes mais&hellip;\n","protected":false},"author":2,"featured_media":81904,"comment_status":"","ping_status":"","sticky":false,"template":"","format":"standard","meta":{"footnotes":""},"categories":[140],"tags":[14099,114,115,147,148,5814,10305,14100,14101,14102,14103,792,14104,146,32,33,10306,12897,6705,14105],"class_list":{"0":"post-81903","1":"post","2":"type-post","3":"status-publish","4":"format-standard","5":"has-post-thumbnail","7":"category-filmes","8":"tag-destin-daniel-cretton","9":"tag-entertainment","10":"tag-entretenimento","11":"tag-film","12":"tag-filmes","13":"tag-homem-aranha","14":"tag-homem-aranha-um-novo-dia","15":"tag-jacob-batalon","16":"tag-jon-bernthal","17":"tag-liza-colon-zayas","18":"tag-mark-ruffalo","19":"tag-marvel","20":"tag-michael-mando","21":"tag-movies","22":"tag-portugal","23":"tag-pt","24":"tag-sadie-sink","25":"tag-sony-pictures","26":"tag-tom-holland","27":"tag-zendaya"},"share_on_mastodon":{"url":"","error":""},"_links":{"self":[{"href":"https:\/\/www.europesays.com\/pt\/wp-json\/wp\/v2\/posts\/81903","targetHints":{"allow":["GET"]}}],"collection":[{"href":"https:\/\/www.europesays.com\/pt\/wp-json\/wp\/v2\/posts"}],"about":[{"href":"https:\/\/www.europesays.com\/pt\/wp-json\/wp\/v2\/types\/post"}],"author":[{"embeddable":true,"href":"https:\/\/www.europesays.com\/pt\/wp-json\/wp\/v2\/users\/2"}],"replies":[{"embeddable":true,"href":"https:\/\/www.europesays.com\/pt\/wp-json\/wp\/v2\/comments?post=81903"}],"version-history":[{"count":0,"href":"https:\/\/www.europesays.com\/pt\/wp-json\/wp\/v2\/posts\/81903\/revisions"}],"wp:featuredmedia":[{"embeddable":true,"href":"https:\/\/www.europesays.com\/pt\/wp-json\/wp\/v2\/media\/81904"}],"wp:attachment":[{"href":"https:\/\/www.europesays.com\/pt\/wp-json\/wp\/v2\/media?parent=81903"}],"wp:term":[{"taxonomy":"category","embeddable":true,"href":"https:\/\/www.europesays.com\/pt\/wp-json\/wp\/v2\/categories?post=81903"},{"taxonomy":"post_tag","embeddable":true,"href":"https:\/\/www.europesays.com\/pt\/wp-json\/wp\/v2\/tags?post=81903"}],"curies":[{"name":"wp","href":"https:\/\/api.w.org\/{rel}","templated":true}]}}