{"id":81953,"date":"2025-09-22T14:43:16","date_gmt":"2025-09-22T14:43:16","guid":{"rendered":"https:\/\/www.europesays.com\/pt\/81953\/"},"modified":"2025-09-22T14:43:16","modified_gmt":"2025-09-22T14:43:16","slug":"papa-destaca-sede-de-justica-dos-povos-em-condicoes-desumanas-inaceitaveis-2","status":"publish","type":"post","link":"https:\/\/www.europesays.com\/pt\/81953\/","title":{"rendered":"Papa destaca &#8220;sede de justi\u00e7a&#8221; dos povos &#8220;em condi\u00e7\u00f5es desumanas inaceit\u00e1veis&#8221;"},"content":{"rendered":"<p>No discurso dedicado ao Jubileu da Justi\u00e7a, que proferiu na pra\u00e7a de S\u00e3o Pedro diante de milhares de peregrinos que chegaram a Roma para este evento, o Papa pediu uma reflex\u00e3o &#8220;sobre um aspeto da justi\u00e7a que muitas vezes n\u00e3o \u00e9 suficientemente abordado: a realidade de tantos pa\u00edses e povos que t\u00eam fome e sede de justi\u00e7a, porque as suas condi\u00e7\u00f5es de vida s\u00e3o t\u00e3o injustas e desumanas que se tornam inaceit\u00e1veis&#8221;.<\/p>\n<p>Le\u00e3o XIV considerou ainda que &#8220;onde n\u00e3o h\u00e1 justi\u00e7a, tamb\u00e9m n\u00e3o pode haver Direito. O que se faz de acordo com o Direito, faz-se com justi\u00e7a&#8221;.<\/p>\n<p>&#8220;Mas o que se faz injustamente \u00e9 imposs\u00edvel que seja de acordo com o Direito. Onde n\u00e3o h\u00e1 justi\u00e7a, n\u00e3o h\u00e1 Estado&#8221;, acrescentou o Papa, referindo-se \u00e0s reflex\u00f5es de Santo Agostinho, que apontou como palavras que inspiram todos &#8220;a dar sempre o melhor no exerc\u00edcio da justi\u00e7a ao servi\u00e7o do povo, com os olhos postos em Deus, para respeitar plenamente a justi\u00e7a, o direito e a dignidade das pessoas&#8221;.<\/p>\n<p>No seu discurso, o Papa norte-americano e peruano destacou a import\u00e2ncia da justi\u00e7a &#8220;perante os diferentes conflitos que podem surgir na a\u00e7\u00e3o individual, ou na perda do bom senso que pode afetar at\u00e9 mesmo institui\u00e7\u00f5es e estruturas&#8221;.<\/p>\n<p>Le\u00e3o XIV sublinhou ainda que a &#8220;justi\u00e7a torna-se concreta quando se orienta para os outros, quando a cada um \u00e9 dado o que lhe corresponde, at\u00e9 alcan\u00e7ar a igualdade em dignidade e oportunidades entre os seres humanos&#8221;, ao lamentar &#8220;que existam discrimina\u00e7\u00f5es crescentes cujo primeiro efeito \u00e9 precisamente a falta de acesso \u00e0 justi\u00e7a&#8221;.<\/p>\n<p>&#8220;A verdadeira igualdade, por outro lado, \u00e9 a possibilidade de todos poderem realizar as suas aspira\u00e7\u00f5es e ver garantidos os direitos inerentes \u00e0 sua dignidade, apoiados por um sistema de valores comuns e partilhados, capazes de inspirar normas e leis que sustentem o funcionamento das institui\u00e7\u00f5es&#8221;, afirmou.<\/p>\n<p>Por isso, exortou as pessoas envolvidas na Justi\u00e7a a &#8220;procurarem ou recuperarem os valores esquecidos na conviv\u00eancia, o seu cuidado e o seu respeito&#8221;, citando &#8220;a expans\u00e3o de comportamentos e estrat\u00e9gias que mostram desprezo pela vida humana desde o seu in\u00edcio, que negam direitos fundamentais \u00e0 exist\u00eancia pessoal e n\u00e3o respeitam a consci\u00eancia da qual nascem as liberdades&#8221;.<\/p>\n<p>Leia Tamb\u00e9m: <a href=\"https:\/\/www.noticiasaominuto.com\/mundo\/2855957\/papa-evita-falar-em-genocidio-em-gaza-em-novo-livro\" target=\"_blank\" rel=\"noreferrer noopener nofollow\">Papa evita falar em &#8220;genoc\u00eddio&#8221; em Gaza em novo livro<\/a><\/p>\n","protected":false},"excerpt":{"rendered":"No discurso dedicado ao Jubileu da Justi\u00e7a, que proferiu na pra\u00e7a de S\u00e3o Pedro diante de milhares de&hellip;\n","protected":false},"author":2,"featured_media":81954,"comment_status":"","ping_status":"","sticky":false,"template":"","format":"standard","meta":{"footnotes":""},"categories":[50],"tags":[27,28,15,16,14,25,26,21,22,62,12,13,19,20,23,24,17,18,29,30,31,63,64,65],"class_list":{"0":"post-81953","1":"post","2":"type-post","3":"status-publish","4":"format-standard","5":"has-post-thumbnail","7":"category-mundo","8":"tag-breaking-news","9":"tag-breakingnews","10":"tag-featured-news","11":"tag-featurednews","12":"tag-headlines","13":"tag-latest-news","14":"tag-latestnews","15":"tag-main-news","16":"tag-mainnews","17":"tag-mundo","18":"tag-news","19":"tag-noticias","20":"tag-noticias-principais","21":"tag-noticiasprincipais","22":"tag-principais-noticias","23":"tag-principaisnoticias","24":"tag-top-stories","25":"tag-topstories","26":"tag-ultimas","27":"tag-ultimas-noticias","28":"tag-ultimasnoticias","29":"tag-world","30":"tag-world-news","31":"tag-worldnews"},"share_on_mastodon":{"url":"","error":""},"_links":{"self":[{"href":"https:\/\/www.europesays.com\/pt\/wp-json\/wp\/v2\/posts\/81953","targetHints":{"allow":["GET"]}}],"collection":[{"href":"https:\/\/www.europesays.com\/pt\/wp-json\/wp\/v2\/posts"}],"about":[{"href":"https:\/\/www.europesays.com\/pt\/wp-json\/wp\/v2\/types\/post"}],"author":[{"embeddable":true,"href":"https:\/\/www.europesays.com\/pt\/wp-json\/wp\/v2\/users\/2"}],"replies":[{"embeddable":true,"href":"https:\/\/www.europesays.com\/pt\/wp-json\/wp\/v2\/comments?post=81953"}],"version-history":[{"count":0,"href":"https:\/\/www.europesays.com\/pt\/wp-json\/wp\/v2\/posts\/81953\/revisions"}],"wp:featuredmedia":[{"embeddable":true,"href":"https:\/\/www.europesays.com\/pt\/wp-json\/wp\/v2\/media\/81954"}],"wp:attachment":[{"href":"https:\/\/www.europesays.com\/pt\/wp-json\/wp\/v2\/media?parent=81953"}],"wp:term":[{"taxonomy":"category","embeddable":true,"href":"https:\/\/www.europesays.com\/pt\/wp-json\/wp\/v2\/categories?post=81953"},{"taxonomy":"post_tag","embeddable":true,"href":"https:\/\/www.europesays.com\/pt\/wp-json\/wp\/v2\/tags?post=81953"}],"curies":[{"name":"wp","href":"https:\/\/api.w.org\/{rel}","templated":true}]}}