{"id":81955,"date":"2025-09-22T14:48:08","date_gmt":"2025-09-22T14:48:08","guid":{"rendered":"https:\/\/www.europesays.com\/pt\/81955\/"},"modified":"2025-09-22T14:48:08","modified_gmt":"2025-09-22T14:48:08","slug":"fernando-valente-diz-ter-sido-humilhado-denegrido-e-ameacado","status":"publish","type":"post","link":"https:\/\/www.europesays.com\/pt\/81955\/","title":{"rendered":"Fernando Valente diz &#8220;ter sido humilhado, denegrido e amea\u00e7ado&#8221;"},"content":{"rendered":"<p>O economista e empres\u00e1rio explicou, na sala de audi\u00eancias, que apresentou queixa por difama\u00e7\u00e3o contra a tia e a irm\u00e3 g\u00e9mea de M\u00f3nica Silva, por considerar que foi alvo de difama\u00e7\u00f5es &#8220;muito graves&#8221; para si e para a sua fam\u00edlia.<\/p>\n<p data-remotead-prev-elm=\"true\" data-remotead-elm-id=\"inread\">&#8220;H\u00e1 uma suspeita que eu sou um monstro e um assassino, porque ambas deram entrevistas e escreveram nas redes sociais que eu era o \u00fanico respons\u00e1vel n\u00e3o s\u00f3 por M\u00f3nica Silva ter desaparecido, como logo a seguir que eu a tinha assassinado&#8221;, afirmou Fernando Valente.<\/p>\n<p>Valente aguarda ainda que seja decidido o recurso interposto ao Tribunal da Rela\u00e7\u00e3o do Porto, pedindo a sua condena\u00e7\u00e3o \u00e0 pena m\u00e1xima de 25 anos de pris\u00e3o, por alegado crime de homic\u00eddio qualificado consumado de M\u00f3nica Silva.<\/p>\n<p data-remotead-prev-elm=\"true\" data-remotead-elm-id=\"centro1\">M\u00f3nica Alexandra de Oliveira e Silva nunca foi encontrada, mas n\u00e3o o tribunal de j\u00fari considerou que n\u00e3o ficou provada a sua morte, no julgamento, terminado em julho de 2025, no Pal\u00e1cio da Justi\u00e7a de Aveiro.<\/p>\n<p>Sara Silva \u00e0 entrada do Pal\u00e1cio da Justi\u00e7a de Estarreja<\/p>\n<p>Tal como a tia, que tamb\u00e9m \u00e9 arguida neste processo, Sara Silva, irm\u00e3 g\u00e9mea de M\u00f3nica, afirmou esta segunda-feira, \u00e0 entrada do tribunal, que continua a acreditar que foi Fernando quem matou a irm\u00e3. <\/p>\n<p data-remotead-prev-elm=\"true\" data-remotead-elm-id=\"centro2\">&#8220;A Pol\u00edcia Judici\u00e1ria sempre teve a certeza que foi o Fernando Valente o assassino da minha irm\u00e3, ele quis sempre fazer-se como v\u00edtima, afirmou que a M\u00f3nica Silva era uma mulher da noite e da &#8216;vida f\u00e1cil&#8217;, tal como j\u00e1 disse tamb\u00e9m de mim pr\u00f3pria&#8221;. O julgamento, no Pal\u00e1cio da Justi\u00e7a de Estarreja, est\u00e1 a decorrer com fortes medidas de seguran\u00e7a, incluindo o Destacamento de Interven\u00e7\u00e3o da GNR de Aveiro, dentro e fora da sala de audi\u00eancias.<\/p>\n","protected":false},"excerpt":{"rendered":"O economista e empres\u00e1rio explicou, na sala de audi\u00eancias, que apresentou queixa por difama\u00e7\u00e3o contra a tia e&hellip;\n","protected":false},"author":2,"featured_media":81956,"comment_status":"","ping_status":"","sticky":false,"template":"","format":"standard","meta":{"footnotes":""},"categories":[10],"tags":[27,28,449,15,16,20927,14,5607,603,25,26,21,22,12,13,19,20,32,23,24,33,17,18,29,30,31],"class_list":{"0":"post-81955","1":"post","2":"type-post","3":"status-publish","4":"format-standard","5":"has-post-thumbnail","7":"category-portugal","8":"tag-breaking-news","9":"tag-breakingnews","10":"tag-difamacao","11":"tag-featured-news","12":"tag-featurednews","13":"tag-gravida-da-murtosa","14":"tag-headlines","15":"tag-julgamento","16":"tag-justica","17":"tag-latest-news","18":"tag-latestnews","19":"tag-main-news","20":"tag-mainnews","21":"tag-news","22":"tag-noticias","23":"tag-noticias-principais","24":"tag-noticiasprincipais","25":"tag-portugal","26":"tag-principais-noticias","27":"tag-principaisnoticias","28":"tag-pt","29":"tag-top-stories","30":"tag-topstories","31":"tag-ultimas","32":"tag-ultimas-noticias","33":"tag-ultimasnoticias"},"share_on_mastodon":{"url":"","error":""},"_links":{"self":[{"href":"https:\/\/www.europesays.com\/pt\/wp-json\/wp\/v2\/posts\/81955","targetHints":{"allow":["GET"]}}],"collection":[{"href":"https:\/\/www.europesays.com\/pt\/wp-json\/wp\/v2\/posts"}],"about":[{"href":"https:\/\/www.europesays.com\/pt\/wp-json\/wp\/v2\/types\/post"}],"author":[{"embeddable":true,"href":"https:\/\/www.europesays.com\/pt\/wp-json\/wp\/v2\/users\/2"}],"replies":[{"embeddable":true,"href":"https:\/\/www.europesays.com\/pt\/wp-json\/wp\/v2\/comments?post=81955"}],"version-history":[{"count":0,"href":"https:\/\/www.europesays.com\/pt\/wp-json\/wp\/v2\/posts\/81955\/revisions"}],"wp:featuredmedia":[{"embeddable":true,"href":"https:\/\/www.europesays.com\/pt\/wp-json\/wp\/v2\/media\/81956"}],"wp:attachment":[{"href":"https:\/\/www.europesays.com\/pt\/wp-json\/wp\/v2\/media?parent=81955"}],"wp:term":[{"taxonomy":"category","embeddable":true,"href":"https:\/\/www.europesays.com\/pt\/wp-json\/wp\/v2\/categories?post=81955"},{"taxonomy":"post_tag","embeddable":true,"href":"https:\/\/www.europesays.com\/pt\/wp-json\/wp\/v2\/tags?post=81955"}],"curies":[{"name":"wp","href":"https:\/\/api.w.org\/{rel}","templated":true}]}}