{"id":81993,"date":"2025-09-22T15:19:08","date_gmt":"2025-09-22T15:19:08","guid":{"rendered":"https:\/\/www.europesays.com\/pt\/81993\/"},"modified":"2025-09-22T15:19:08","modified_gmt":"2025-09-22T15:19:08","slug":"e-se-tivesse-recebido-convites-de-fc-porto-e-sporting-a-resposta-de-mourinho","status":"publish","type":"post","link":"https:\/\/www.europesays.com\/pt\/81993\/","title":{"rendered":"E se tivesse recebido convites de FC Porto e Sporting? A resposta de Mourinho"},"content":{"rendered":"<p>Ap\u00f3s a vit\u00f3ria do <a class=\"autolink-enabled\" data-resource-id=\"450\" data-resource-type=\"team\" data-sport=\"football\" href=\"https:\/\/www.abola.pt\/futebol\/benfica-450\" rel=\"nofollow noopener\" target=\"_blank\">Benfica<\/a> sobre o <a class=\"autolink-enabled\" data-resource-id=\"5657\" data-resource-type=\"team\" data-sport=\"football\" href=\"https:\/\/www.abola.pt\/futebol\/aves-sad-5657\" rel=\"nofollow noopener\" target=\"_blank\">Aves SAD<\/a>, Jos\u00e9 Mourinho revelou ter falado com Andr\u00e9 Villas-Boas e Frederico Varandas j\u00e1 depois de ter assinado pelo clube da Luz. Esta segunda-feira, na antevis\u00e3o do duelo com o <a class=\"autolink-enabled\" data-resource-id=\"442\" data-resource-type=\"team\" data-sport=\"football\" href=\"https:\/\/www.abola.pt\/futebol\/rio-ave-442\" rel=\"nofollow noopener\" target=\"_blank\">Rio Ave<\/a>, levantou ligeiramente o v\u00e9u sobre o teor da conversa com os dois presidentes dos rivais e, ao ser questionado sobre a posi\u00e7\u00e3o perante eventuais convites de <a class=\"autolink-enabled\" data-resource-id=\"451\" data-resource-type=\"team\" data-sport=\"football\" href=\"https:\/\/www.abola.pt\/futebol\/fc-porto-451\" rel=\"nofollow noopener\" target=\"_blank\">FC Porto<\/a> e <a class=\"autolink-enabled\" data-resource-id=\"448\" data-resource-type=\"team\" data-sport=\"football\" href=\"https:\/\/www.abola.pt\/futebol\/sporting-448\" rel=\"nofollow noopener\" target=\"_blank\">Sporting<\/a>, foi claro na resposta.<\/p>\n<p>\u00abA pequena conversa que tive com os presidentes Villas-Boas e Varandas foi muito simples. Foi no sentido de, com um sorriso ou um emoji, &#8216;muita sorte, mas que acabes em segundo&#8217;. Se tivesse sido convidado por <a target=\"_blank\" class=\"editor-link autolink-enabled\" href=\"https:\/\/www.abola.pt\/futebol\/fc-porto-451\" data-resource-id=\"451\" data-resource-type=\"team\" data-sport=\"football\" rel=\"nofollow noopener\">FC Porto<\/a> ou <a target=\"_blank\" class=\"editor-link autolink-enabled\" href=\"https:\/\/www.abola.pt\/futebol\/sporting-448\" data-resource-id=\"448\" data-resource-type=\"team\" data-sport=\"football\" rel=\"nofollow noopener\">Sporting<\/a>, aceitava? Honestamente n\u00e3o sei, mas, com a velocidade e condi\u00e7\u00f5es com que disse sim ao <a target=\"_blank\" class=\"editor-link autolink-enabled\" href=\"https:\/\/www.abola.pt\/futebol\/benfica-450\" data-resource-id=\"450\" data-resource-type=\"team\" data-sport=\"football\" rel=\"nofollow noopener\">Benfica<\/a>, n\u00e3o\u00bb, assegurou o t\u00e9cnico do <a target=\"_blank\" class=\"editor-link autolink-enabled\" href=\"https:\/\/www.abola.pt\/futebol\/benfica-450\" data-resource-id=\"450\" data-resource-type=\"team\" data-sport=\"football\" rel=\"nofollow noopener\">Benfica<\/a>.<\/p>\n<p>Mourinho foi ainda questionado sobre eventuais di\u00e1logos com candidatos \u00e0 presid\u00eancia do <a class=\"autolink-enabled\" data-resource-id=\"450\" data-resource-type=\"team\" data-sport=\"football\" href=\"https:\/\/www.abola.pt\/futebol\/benfica-450\" rel=\"nofollow noopener\" target=\"_blank\">Benfica<\/a>. \u00abN\u00e3o conversei, nem acho que o deva fazer. Sou treinador do <a class=\"autolink-enabled\" data-resource-id=\"450\" data-resource-type=\"team\" data-sport=\"football\" href=\"https:\/\/www.abola.pt\/futebol\/benfica-450\" rel=\"nofollow noopener\" target=\"_blank\">Benfica<\/a>, foco no <a class=\"autolink-enabled\" data-resource-id=\"450\" data-resource-type=\"team\" data-sport=\"football\" href=\"https:\/\/www.abola.pt\/futebol\/benfica-450\" rel=\"nofollow noopener\" target=\"_blank\">Benfica<\/a> e foco na minha miss\u00e3o. Eu acho que os presidentes, que as dire\u00e7\u00f5es, de modo pragm\u00e1tico, s\u00e3o os representantes dos milh\u00f5es de adeptos dos clubes e \u00e9 para esses milh\u00f5es que um treinador deve trabalhar. Se me perguntar se fiquei agradado ou se recebi com simpatia, at\u00e9 com algum orgulho, o facto de alguns candidatos terem proferido algumas palavras de respeito sobre mim, devo dizer que sim. Mas completamente isolado desse contexto, quero dar o m\u00e1ximo a cada dia e, neste caso, o presidente Rui Costa \u00e9 que est\u00e1 c\u00e1 a cada dia. Foi ele que deu o grande passo para me convidar para trabalhar no <a class=\"autolink-enabled\" data-resource-id=\"450\" data-resource-type=\"team\" data-sport=\"football\" href=\"https:\/\/www.abola.pt\/futebol\/benfica-450\" rel=\"nofollow noopener\" target=\"_blank\">Benfica<\/a>. E vai ser assim. Honestamente, n\u00e3o sou importante. Ao in\u00edcio \u00e9 normal toda esta coisa, o regresso ap\u00f3s muitos anos, \u00e9 o <a class=\"autolink-enabled\" data-resource-id=\"450\" data-resource-type=\"team\" data-sport=\"football\" href=\"https:\/\/www.abola.pt\/futebol\/benfica-450\" rel=\"nofollow noopener\" target=\"_blank\">Benfica<\/a>, o Mourinho&#8230; Mas \u00e9 algo que, com o passar dos dias, se deve apagar. O meu foco \u00e9 o <a class=\"autolink-enabled\" data-resource-id=\"450\" data-resource-type=\"team\" data-sport=\"football\" href=\"https:\/\/www.abola.pt\/futebol\/benfica-450\" rel=\"nofollow noopener\" target=\"_blank\">Benfica<\/a>. O <a class=\"autolink-enabled\" data-resource-id=\"450\" data-resource-type=\"team\" data-sport=\"football\" href=\"https:\/\/www.abola.pt\/futebol\/benfica-450\" rel=\"nofollow noopener\" target=\"_blank\">Benfica<\/a> \u00e9 que interessa\u00bb, sublinhou o treinador.<\/p>\n","protected":false},"excerpt":{"rendered":"Ap\u00f3s a vit\u00f3ria do Benfica sobre o Aves SAD, Jos\u00e9 Mourinho revelou ter falado com Andr\u00e9 Villas-Boas e&hellip;\n","protected":false},"author":2,"featured_media":81994,"comment_status":"","ping_status":"","sticky":false,"template":"","format":"standard","meta":{"footnotes":""},"categories":[8],"tags":[27,28,15,16,14,25,26,21,22,12,13,19,20,32,23,24,33,17,18,29,30,31],"class_list":{"0":"post-81993","1":"post","2":"type-post","3":"status-publish","4":"format-standard","5":"has-post-thumbnail","7":"category-principais-noticias","8":"tag-breaking-news","9":"tag-breakingnews","10":"tag-featured-news","11":"tag-featurednews","12":"tag-headlines","13":"tag-latest-news","14":"tag-latestnews","15":"tag-main-news","16":"tag-mainnews","17":"tag-news","18":"tag-noticias","19":"tag-noticias-principais","20":"tag-noticiasprincipais","21":"tag-portugal","22":"tag-principais-noticias","23":"tag-principaisnoticias","24":"tag-pt","25":"tag-top-stories","26":"tag-topstories","27":"tag-ultimas","28":"tag-ultimas-noticias","29":"tag-ultimasnoticias"},"share_on_mastodon":{"url":"","error":""},"_links":{"self":[{"href":"https:\/\/www.europesays.com\/pt\/wp-json\/wp\/v2\/posts\/81993","targetHints":{"allow":["GET"]}}],"collection":[{"href":"https:\/\/www.europesays.com\/pt\/wp-json\/wp\/v2\/posts"}],"about":[{"href":"https:\/\/www.europesays.com\/pt\/wp-json\/wp\/v2\/types\/post"}],"author":[{"embeddable":true,"href":"https:\/\/www.europesays.com\/pt\/wp-json\/wp\/v2\/users\/2"}],"replies":[{"embeddable":true,"href":"https:\/\/www.europesays.com\/pt\/wp-json\/wp\/v2\/comments?post=81993"}],"version-history":[{"count":0,"href":"https:\/\/www.europesays.com\/pt\/wp-json\/wp\/v2\/posts\/81993\/revisions"}],"wp:featuredmedia":[{"embeddable":true,"href":"https:\/\/www.europesays.com\/pt\/wp-json\/wp\/v2\/media\/81994"}],"wp:attachment":[{"href":"https:\/\/www.europesays.com\/pt\/wp-json\/wp\/v2\/media?parent=81993"}],"wp:term":[{"taxonomy":"category","embeddable":true,"href":"https:\/\/www.europesays.com\/pt\/wp-json\/wp\/v2\/categories?post=81993"},{"taxonomy":"post_tag","embeddable":true,"href":"https:\/\/www.europesays.com\/pt\/wp-json\/wp\/v2\/tags?post=81993"}],"curies":[{"name":"wp","href":"https:\/\/api.w.org\/{rel}","templated":true}]}}