{"id":82150,"date":"2025-09-22T17:36:10","date_gmt":"2025-09-22T17:36:10","guid":{"rendered":"https:\/\/www.europesays.com\/pt\/82150\/"},"modified":"2025-09-22T17:36:10","modified_gmt":"2025-09-22T17:36:10","slug":"gosto-das-galinhas-mas-estou-entediada-observador","status":"publish","type":"post","link":"https:\/\/www.europesays.com\/pt\/82150\/","title":{"rendered":"&#8220;Gosto das galinhas, mas estou entediada&#8221; \u2013 Observador"},"content":{"rendered":"<p>Mais de tr\u00eas anos depois de se ter despedido do t\u00e3o famoso sof\u00e1 do talk-show The Ellen DeGeneres Show, onde tantas celebridades se sentaram ao longo de duas d\u00e9cadas, a comediante norte-americana est\u00e1 agora numa nova fase da sua vida. Na vila de South Newington, no Reino Unido, vive isolada dos holofotes, junto da mulher, Portia de Rossi, depois de ter sido \u201cexpulsa do mundo do entretenimento\u201d, como <a href=\"https:\/\/www.theguardian.com\/tv-and-radio\/2024\/apr\/26\/ellen-degeneres-mean\" rel=\"nofollow noopener\" target=\"_blank\">afirmou do ano passado<\/a>.<\/p>\n<p>\u00c0 <a href=\"https:\/\/edition.cnn.com\/2025\/09\/20\/entertainment\/ellen-degeneres-uk-cotswolds-hollywood-cec\" rel=\"nofollow noopener\" target=\"_blank\">CNN<\/a>, uma fonte pr\u00f3xima de DeGeneres garantiu que a comediante n\u00e3o est\u00e1 reformada, apesar de estar a gostar de se adaptar a um ritmo de vida mais lento. No ano passado, fez ainda uma apari\u00e7\u00e3o na Netflix, com um especial de pouco mais de uma hora, o <a href=\"https:\/\/observador.pt\/2024\/09\/28\/a-despedida-amarga-de-ellen-degeneres\/\" rel=\"nofollow noopener\" target=\"_blank\">Ellen DeGeneres: For Your Approval<\/a>,\u00a0que se apresentou como a \u00faltima palavra sobre a sua carreira turbulenta. Um ano depois, a fonte avan\u00e7a que DeGeneres tem estado a reunir-se com escritores e produtores, mantendo as suas op\u00e7\u00f5es em aberto.<\/p>\n<p>J\u00e1 no in\u00edcio deste m\u00eas, a comediante anunciou uma s\u00e9rie de eventos, o In Conversation, que v\u00e3o acontecer em cinco cidades brit\u00e2nicas e que pode vir a traduzir-se numa pequena turn\u00e9 que servir\u00e1 de ensaio para um eventual retorno \u00e0 televis\u00e3o. At\u00e9 l\u00e1, vai continuar no interior brit\u00e2nico, enquanto, segundo a CNN, <strong>cria galinhas e afasta ovelhas da sua propriedade<\/strong>. \u201cQuero fazer alguma coisa\u201d, disse DeGeneres\u00a0em julho, acrescentando: \u201cGosto das minhas galinhas, mas estou um pouco entediada\u201d.<\/p>\n<p>\u201cEstando neste ramo, tive de me preocupar com o que as pessoas pensam\u201d, disse durante o epis\u00f3dio da Netflix. \u201c\u00c9 a nossa \u00fanica moeda real para o sucesso. Se gostam de ti, est\u00e1s dentro. E se n\u00e3o gostam, est\u00e1s fora\u2026 Quando \u00e9s uma figura p\u00fablica, est\u00e1s aberta \u00e0 interpreta\u00e7\u00e3o de todos.\u201d<\/p>\n<p>No ar durante quase 20 anos, o The Ellen DeGeneres Show chegou ao fim em 2022, depois de 19 temporadas. O an\u00fancio chegou pela voz da pr\u00f3pria numa entrevista ao The Hollywood Reporter depois de, no ano anterior, as condi\u00e7\u00f5es de trabalho nos bastidores do programa terem sido <a href=\"https:\/\/observador.pt\/2020\/07\/28\/programa-de-ellen-degeneres-investigado-por-praticas-abusivas-contra-os-funcionarios-nos-bastidores\/\" rel=\"nofollow noopener\" target=\"_blank\">investigadas ap\u00f3s den\u00fancias de pr\u00e1ticas abusivas<\/a> por parte da apresentadora e de respons\u00e1veis do programa. A temporada que se seguiu ao esc\u00e2ndalo (a \u00faltima) teve uma queda de audi\u00eancias.<\/p>\n","protected":false},"excerpt":{"rendered":"Mais de tr\u00eas anos depois de se ter despedido do t\u00e3o famoso sof\u00e1 do talk-show The Ellen DeGeneres&hellip;\n","protected":false},"author":2,"featured_media":82151,"comment_status":"","ping_status":"","sticky":false,"template":"","format":"standard","meta":{"footnotes":""},"categories":[142],"tags":[211,114,115,186,32,33,151],"class_list":{"0":"post-82150","1":"post","2":"type-post","3":"status-publish","4":"format-standard","5":"has-post-thumbnail","7":"category-tv","8":"tag-celebridades","9":"tag-entertainment","10":"tag-entretenimento","11":"tag-lifestyle","12":"tag-portugal","13":"tag-pt","14":"tag-tv"},"share_on_mastodon":{"url":"","error":""},"_links":{"self":[{"href":"https:\/\/www.europesays.com\/pt\/wp-json\/wp\/v2\/posts\/82150","targetHints":{"allow":["GET"]}}],"collection":[{"href":"https:\/\/www.europesays.com\/pt\/wp-json\/wp\/v2\/posts"}],"about":[{"href":"https:\/\/www.europesays.com\/pt\/wp-json\/wp\/v2\/types\/post"}],"author":[{"embeddable":true,"href":"https:\/\/www.europesays.com\/pt\/wp-json\/wp\/v2\/users\/2"}],"replies":[{"embeddable":true,"href":"https:\/\/www.europesays.com\/pt\/wp-json\/wp\/v2\/comments?post=82150"}],"version-history":[{"count":0,"href":"https:\/\/www.europesays.com\/pt\/wp-json\/wp\/v2\/posts\/82150\/revisions"}],"wp:featuredmedia":[{"embeddable":true,"href":"https:\/\/www.europesays.com\/pt\/wp-json\/wp\/v2\/media\/82151"}],"wp:attachment":[{"href":"https:\/\/www.europesays.com\/pt\/wp-json\/wp\/v2\/media?parent=82150"}],"wp:term":[{"taxonomy":"category","embeddable":true,"href":"https:\/\/www.europesays.com\/pt\/wp-json\/wp\/v2\/categories?post=82150"},{"taxonomy":"post_tag","embeddable":true,"href":"https:\/\/www.europesays.com\/pt\/wp-json\/wp\/v2\/tags?post=82150"}],"curies":[{"name":"wp","href":"https:\/\/api.w.org\/{rel}","templated":true}]}}