{"id":82179,"date":"2025-09-22T18:00:10","date_gmt":"2025-09-22T18:00:10","guid":{"rendered":"https:\/\/www.europesays.com\/pt\/82179\/"},"modified":"2025-09-22T18:00:10","modified_gmt":"2025-09-22T18:00:10","slug":"mariana-mortagua-anuncia-substituicao-parlamentar-durante-30-dias","status":"publish","type":"post","link":"https:\/\/www.europesays.com\/pt\/82179\/","title":{"rendered":"Mariana Mort\u00e1gua anuncia substitui\u00e7\u00e3o parlamentar durante 30 dias"},"content":{"rendered":"<p><strong>Mariana Mort\u00e1gua pediu a substitui\u00e7\u00e3o parlamentar por 30 dias, o per\u00edodo m\u00ednimo em quest\u00e3o.<\/strong> A coordenadora, sabe o DN, dirigiu-se aos elementos da Comiss\u00e3o Pol\u00edtica e proceder\u00e1 \u00e0 comunica\u00e7\u00e3o aos restantes militantes do partido.<\/p>\n<p>Mort\u00e1gua est\u00e1 na Flotilha Humanit\u00e1ria para Gaza, mas n\u00e3o esperava que existisse um atraso t\u00e3o grande at\u00e9 \u00e0 chegada ao destino. Como tal, o partido ficou sem representa\u00e7\u00e3o pol\u00edtica em v\u00e1rias vota\u00e7\u00f5es em plen\u00e1rio.<\/p>\n<p>Depois de reunida a Mesa Nacional, Mariana Mort\u00e1gua comunica a decis\u00e3o, <strong>tendo em vista garantir que poder\u00e1 estar na vota\u00e7\u00e3o para o Or\u00e7amento de Estado para 2026<\/strong>, embora perca v\u00e1rios momentos de discuss\u00e3o no Parlamento. <\/p>\n<p>Cada deputado pode dar quatro faltas injustificadas ao plen\u00e1rio ou \u00e0s comiss\u00f5es, sendo que depois disso fica sujeito \u00e0 perda de mandato. A coordenadora justificar\u00e1 por trabalho pol\u00edtico as aus\u00eancias, mas a incerteza quanto ao tempo que ser\u00e1 preciso para regressar a Lisboa leva \u00e0 decis\u00e3o. <\/p>\n<p><strong>Com a comunica\u00e7\u00e3o a tornar-se efetiva esta segunda-feira, Andreia Galv\u00e3o, n\u00famero 3 por Lisboa,<\/strong> assume o Bloco de Esquerda na Assembleia da Rep\u00fablica, j\u00e1 no debate com o primeiro-ministro, Lu\u00eds Montenegro, na quarta-feira.<\/p>\n","protected":false},"excerpt":{"rendered":"Mariana Mort\u00e1gua pediu a substitui\u00e7\u00e3o parlamentar por 30 dias, o per\u00edodo m\u00ednimo em quest\u00e3o. A coordenadora, sabe o&hellip;\n","protected":false},"author":2,"featured_media":82180,"comment_status":"","ping_status":"","sticky":false,"template":"","format":"standard","meta":{"footnotes":""},"categories":[8],"tags":[454,27,28,15,16,20299,14,25,26,21,22,1737,12,13,19,20,15083,4532,32,23,24,33,21014,17,18,29,30,31],"class_list":{"0":"post-82179","1":"post","2":"type-post","3":"status-publish","4":"format-standard","5":"has-post-thumbnail","7":"category-principais-noticias","8":"tag-bloco-de-esquerda","9":"tag-breaking-news","10":"tag-breakingnews","11":"tag-featured-news","12":"tag-featurednews","13":"tag-flotilha-humanitaria","14":"tag-headlines","15":"tag-latest-news","16":"tag-latestnews","17":"tag-main-news","18":"tag-mainnews","19":"tag-mariana-mortagua","20":"tag-news","21":"tag-noticias","22":"tag-noticias-principais","23":"tag-noticiasprincipais","24":"tag-orcamento-de-estado","25":"tag-parlamento","26":"tag-portugal","27":"tag-principais-noticias","28":"tag-principaisnoticias","29":"tag-pt","30":"tag-substituicao","31":"tag-top-stories","32":"tag-topstories","33":"tag-ultimas","34":"tag-ultimas-noticias","35":"tag-ultimasnoticias"},"share_on_mastodon":{"url":"","error":""},"_links":{"self":[{"href":"https:\/\/www.europesays.com\/pt\/wp-json\/wp\/v2\/posts\/82179","targetHints":{"allow":["GET"]}}],"collection":[{"href":"https:\/\/www.europesays.com\/pt\/wp-json\/wp\/v2\/posts"}],"about":[{"href":"https:\/\/www.europesays.com\/pt\/wp-json\/wp\/v2\/types\/post"}],"author":[{"embeddable":true,"href":"https:\/\/www.europesays.com\/pt\/wp-json\/wp\/v2\/users\/2"}],"replies":[{"embeddable":true,"href":"https:\/\/www.europesays.com\/pt\/wp-json\/wp\/v2\/comments?post=82179"}],"version-history":[{"count":0,"href":"https:\/\/www.europesays.com\/pt\/wp-json\/wp\/v2\/posts\/82179\/revisions"}],"wp:featuredmedia":[{"embeddable":true,"href":"https:\/\/www.europesays.com\/pt\/wp-json\/wp\/v2\/media\/82180"}],"wp:attachment":[{"href":"https:\/\/www.europesays.com\/pt\/wp-json\/wp\/v2\/media?parent=82179"}],"wp:term":[{"taxonomy":"category","embeddable":true,"href":"https:\/\/www.europesays.com\/pt\/wp-json\/wp\/v2\/categories?post=82179"},{"taxonomy":"post_tag","embeddable":true,"href":"https:\/\/www.europesays.com\/pt\/wp-json\/wp\/v2\/tags?post=82179"}],"curies":[{"name":"wp","href":"https:\/\/api.w.org\/{rel}","templated":true}]}}