{"id":82195,"date":"2025-09-22T18:12:22","date_gmt":"2025-09-22T18:12:22","guid":{"rendered":"https:\/\/www.europesays.com\/pt\/82195\/"},"modified":"2025-09-22T18:12:22","modified_gmt":"2025-09-22T18:12:22","slug":"startup-portuguesa-vai-comecar-a-operar-em-italia-e-esta-a-recrutar-em-portugal-espanha-e-italia-human-resources","status":"publish","type":"post","link":"https:\/\/www.europesays.com\/pt\/82195\/","title":{"rendered":"Startup portuguesa vai come\u00e7ar a operar em It\u00e1lia e est\u00e1 a recrutar (em Portugal, Espanha e It\u00e1lia) \u2013 Human Resources"},"content":{"rendered":"\n<p>Startup portuguesa vai come\u00e7ar a operar em It\u00e1lia e est\u00e1 a recrutar (em Portugal, Espanha e It\u00e1lia) \u2013 Human Resources<\/p>\n<ul class=\"bf-breadcrumb-items\" itemscope=\"\" itemtype=\"http:\/\/schema.org\/BreadcrumbList\">\n<li itemprop=\"itemListElement\" itemscope=\"\" itemtype=\"http:\/\/schema.org\/ListItem\" class=\"bf-breadcrumb-item bf-breadcrumb-begin\"><a itemprop=\"item\" href=\"https:\/\/hrportugal.sapo.pt\" rel=\"home nofollow noopener\" target=\"_blank\">Home<\/a><\/li>\n<li itemprop=\"itemListElement\" itemscope=\"\" itemtype=\"http:\/\/schema.org\/ListItem\" class=\"bf-breadcrumb-item\"><a itemprop=\"item\" href=\"https:\/\/hrportugal.sapo.pt\/categoria\/linkedin\/\" rel=\"nofollow noopener\" target=\"_blank\">Linkedin<\/a><\/li>\n<li itemprop=\"itemListElement\" itemscope=\"\" itemtype=\"http:\/\/schema.org\/ListItem\" class=\"bf-breadcrumb-item bf-breadcrumb-end\">Startup portuguesa vai come\u00e7ar a operar em It\u00e1lia e est\u00e1 a recrutar (em Portugal, Espanha e It\u00e1lia)<\/li>\n<\/ul>\n","protected":false},"excerpt":{"rendered":"Startup portuguesa vai come\u00e7ar a operar em It\u00e1lia e est\u00e1 a recrutar (em Portugal, Espanha e It\u00e1lia) \u2013&hellip;\n","protected":false},"author":2,"featured_media":82196,"comment_status":"","ping_status":"","sticky":false,"template":"","format":"standard","meta":{"footnotes":""},"categories":[83],"tags":[21015,88,89,90,619,32,33,4429],"class_list":{"0":"post-82195","1":"post","2":"type-post","3":"status-publish","4":"format-standard","5":"has-post-thumbnail","7":"category-empresas","8":"tag-bridge-in","9":"tag-business","10":"tag-economy","11":"tag-empresas","12":"tag-nacional","13":"tag-portugal","14":"tag-pt","15":"tag-recrutamento"},"share_on_mastodon":{"url":"","error":""},"_links":{"self":[{"href":"https:\/\/www.europesays.com\/pt\/wp-json\/wp\/v2\/posts\/82195","targetHints":{"allow":["GET"]}}],"collection":[{"href":"https:\/\/www.europesays.com\/pt\/wp-json\/wp\/v2\/posts"}],"about":[{"href":"https:\/\/www.europesays.com\/pt\/wp-json\/wp\/v2\/types\/post"}],"author":[{"embeddable":true,"href":"https:\/\/www.europesays.com\/pt\/wp-json\/wp\/v2\/users\/2"}],"replies":[{"embeddable":true,"href":"https:\/\/www.europesays.com\/pt\/wp-json\/wp\/v2\/comments?post=82195"}],"version-history":[{"count":0,"href":"https:\/\/www.europesays.com\/pt\/wp-json\/wp\/v2\/posts\/82195\/revisions"}],"wp:featuredmedia":[{"embeddable":true,"href":"https:\/\/www.europesays.com\/pt\/wp-json\/wp\/v2\/media\/82196"}],"wp:attachment":[{"href":"https:\/\/www.europesays.com\/pt\/wp-json\/wp\/v2\/media?parent=82195"}],"wp:term":[{"taxonomy":"category","embeddable":true,"href":"https:\/\/www.europesays.com\/pt\/wp-json\/wp\/v2\/categories?post=82195"},{"taxonomy":"post_tag","embeddable":true,"href":"https:\/\/www.europesays.com\/pt\/wp-json\/wp\/v2\/tags?post=82195"}],"curies":[{"name":"wp","href":"https:\/\/api.w.org\/{rel}","templated":true}]}}