{"id":82339,"date":"2025-09-22T20:00:10","date_gmt":"2025-09-22T20:00:10","guid":{"rendered":"https:\/\/www.europesays.com\/pt\/82339\/"},"modified":"2025-09-22T20:00:10","modified_gmt":"2025-09-22T20:00:10","slug":"pista-para-um-segredo-gera-o-caos-na-casa-veja-o-que-se-passou-secret-story","status":"publish","type":"post","link":"https:\/\/www.europesays.com\/pt\/82339\/","title":{"rendered":"Pista para um segredo gera o caos na casa! Veja o que se passou &#8211; Secret Story"},"content":{"rendered":"<p>No <a href=\"https:\/\/tvi.iol.pt\/secretstory\/\" target=\"_blank\" rel=\"nofollow noopener\"><strong>Secret Story &#8211; Casa de Segredos 9<\/strong><\/a>, surgiu uma nova pista para um segredo que gerou um clima tenso na casa. Os concorrentes despertaram de forma tranquila e foram surpreendidos com uma nova pista para um segredo: um c\u00e1lice de \u00e1gua.\u00a0\u00a0<\/p>\n<p>Durante a Cadeira Quente, os \u00e2nimos entre os concorrentes exaltaram-se e a tens\u00e3o esteve ao rubro, principalmente entre Liliana e Marisa Susana.\u00a0\u00a0<\/p>\n<p>Na gala deste domingo, Bruno Miguel foi o concorrente expulso do Secret Story e Carina surpreendeu tudo e todos ao revelar o seu segredo: \u00abTenho um altar de objetos sexuais\u00bb.\u00a0Ap\u00f3s a expuls\u00e3o, Bruno Miguel tamb\u00e9m revelou o seu segredo.\u00a0<\/p>\n<p><a href=\"https:\/\/tvi.iol.pt\/secretstory\/aominuto\" rel=\"nofollow noopener\" target=\"_blank\">Acompanhe aqui tudo o que se passa na casa mais vigiada do pa\u00eds<\/a><\/p>\n","protected":false},"excerpt":{"rendered":"No Secret Story &#8211; Casa de Segredos 9, surgiu uma nova pista para um segredo que gerou um&hellip;\n","protected":false},"author":2,"featured_media":82340,"comment_status":"","ping_status":"","sticky":false,"template":"","format":"standard","meta":{"footnotes":""},"categories":[142],"tags":[114,115,19033,19034,32,33,1315,151,19032],"class_list":{"0":"post-82339","1":"post","2":"type-post","3":"status-publish","4":"format-standard","5":"has-post-thumbnail","7":"category-tv","8":"tag-entertainment","9":"tag-entretenimento","10":"tag-galas-em-video","11":"tag-melhores-momentos-casa-dos-segredos","12":"tag-portugal","13":"tag-pt","14":"tag-secret-story","15":"tag-tv","16":"tag-videos-secret-story-tvi"},"share_on_mastodon":{"url":"","error":""},"_links":{"self":[{"href":"https:\/\/www.europesays.com\/pt\/wp-json\/wp\/v2\/posts\/82339","targetHints":{"allow":["GET"]}}],"collection":[{"href":"https:\/\/www.europesays.com\/pt\/wp-json\/wp\/v2\/posts"}],"about":[{"href":"https:\/\/www.europesays.com\/pt\/wp-json\/wp\/v2\/types\/post"}],"author":[{"embeddable":true,"href":"https:\/\/www.europesays.com\/pt\/wp-json\/wp\/v2\/users\/2"}],"replies":[{"embeddable":true,"href":"https:\/\/www.europesays.com\/pt\/wp-json\/wp\/v2\/comments?post=82339"}],"version-history":[{"count":0,"href":"https:\/\/www.europesays.com\/pt\/wp-json\/wp\/v2\/posts\/82339\/revisions"}],"wp:featuredmedia":[{"embeddable":true,"href":"https:\/\/www.europesays.com\/pt\/wp-json\/wp\/v2\/media\/82340"}],"wp:attachment":[{"href":"https:\/\/www.europesays.com\/pt\/wp-json\/wp\/v2\/media?parent=82339"}],"wp:term":[{"taxonomy":"category","embeddable":true,"href":"https:\/\/www.europesays.com\/pt\/wp-json\/wp\/v2\/categories?post=82339"},{"taxonomy":"post_tag","embeddable":true,"href":"https:\/\/www.europesays.com\/pt\/wp-json\/wp\/v2\/tags?post=82339"}],"curies":[{"name":"wp","href":"https:\/\/api.w.org\/{rel}","templated":true}]}}