{"id":82434,"date":"2025-09-22T21:06:37","date_gmt":"2025-09-22T21:06:37","guid":{"rendered":"https:\/\/www.europesays.com\/pt\/82434\/"},"modified":"2025-09-22T21:06:37","modified_gmt":"2025-09-22T21:06:37","slug":"campo-de-batalha-faro-a-cidade-onde-a-ad-quer-o-ps-sonha-e-o-chega-nasce","status":"publish","type":"post","link":"https:\/\/www.europesays.com\/pt\/82434\/","title":{"rendered":"Campo de Batalha | Faro, a cidade onde a AD quer, o PS sonha e o Chega nasce"},"content":{"rendered":"<p>\t                H\u00e1 autarquias onde o resultado de 12 de outubro ter\u00e1 peso nacional: s\u00e3o populosos, t\u00eam v\u00e1rios candidatos a presidente e h\u00e1 possibilidade de troca de protagonistas. Em Faro, tr\u00eas partidos acreditam lutar pela vit\u00f3ria<\/p>\n<p><strong>Faro (CNN Aut\u00e1rquicas 2025) &#8211;\u00a0<\/strong>H\u00e1 16 anos &#8211; quatro mandatos consecutivos &#8211; que Faro \u00e9 liderado por um presidente da C\u00e2mara do PSD. S\u00f3 que\u00a0Rog\u00e9rio Bacalhau atingiu o limite de mandatos, o que obriga a um novo protagonista no concelho. Este \u00e9 a primeira alteridade no concelho. A segunda \u00e9 o crescimento substancial do Chega na regi\u00e3o, o que pode acabar por beneficiar&#8230; o PS.\u00a0<\/p>\n<p>A disputa em Faro &#8211; concelho com mais de 70 mil habitantes, de que se extraem 57 mil eleitores, dos quais votaram nas legislativas de maio 36 mil pessoas &#8211; promete ser at\u00e9 \u00e0 \u00faltima. Porque \u00e9 certo que haver\u00e1 um novo presidente. E porque os partidos favoritos jogam nomes fortes.<\/p>\n<p>O PSD escolheu o deputado <strong>Crist\u00f3v\u00e3o Norte<\/strong>, figura conhecida e experiente, que representa uma coliga\u00e7\u00e3o com CDS-PP, Iniciativa Liberal, PAN e MPT. A candidatura recupera o hist\u00f3rico algarvio Mac\u00e1rio Correia, que encabe\u00e7a a lista para a Assembleia Municipal. O PS colocou em jogo <strong>Ant\u00f3nio Pina<\/strong>, que, atingindo o limite de mandatos em Olh\u00e3o, usa a reputa\u00e7\u00e3o e a obra feita no concelho vizinho como cart\u00e3o de visita. O Chega, que foi segunda for\u00e7a pol\u00edtica nas \u00faltimas legislativas (e a primeira no distrito) apostou no l\u00edder parlamentar, <strong>Pedro Pinto<\/strong>.<\/p>\n<p>Se o PSD luta pela manuten\u00e7\u00e3o, o PS acredita sobretudo que, ao contr\u00e1rio do que acontecer\u00e1 noutras localidades, o crescimento do Chega aqui se far\u00e1 sobretudo \u00e0 custa do partido de Lu\u00eds Montenegro, o que abre espa\u00e7o para a vit\u00f3ria socialista. Uma sondagem do <a href=\"https:\/\/www.erc.pt\/download.php?fd=14194&amp;l=pt&amp;key=35df904654e6b122272d289e63e18a3a\" rel=\"nofollow noopener\" target=\"_blank\">ICS\/ISCTE<\/a>\u00a0de final de julho para o Expresso\/SIC mostrava precisamente esse cen\u00e1rio. com o PS \u00e0 frente, bem como uma diferen\u00e7a menor entre PSD e Chega.\u00a0<\/p>\n<p>O cen\u00e1rio de uma coliga\u00e7\u00e3o \u00e0 esquerda entre PS, Livre e Bloco de Esquerda ainda chegou a ser equacionado, mas n\u00e3o avan\u00e7ou. Por isso, h\u00e1 ainda outros cinco candidatos que \u00e9 preciso ter em conta: Duarte Baltazar da CDU, Adriana Marques Silva do Livre, Jos\u00e9 Moreira do Bloco de Esquerda, Jos\u00e9 Freitas Oliveira do ADN e Pedro Oliveira do Volt.<\/p>\n<p> <img loading=\"lazy\" decoding=\"async\" alt=\"\" height=\"450\" src=\"https:\/\/www.europesays.com\/pt\/wp-content\/uploads\/2025\/09\/68530640d34e3f0bae9f88df.webp\" width=\"800\"\/> <\/p>\n<p>   Pedro Pinto, do Chega, pode mudar o jogo em Faro (Miguel A. Lopes\/Lusa) <\/p>\n<p>Arsenal de campanha <\/p>\n<p>Em Faro, o turismo tanto \u00e9 ganha-p\u00e3o como dor de cabe\u00e7a. O tema da habita\u00e7\u00e3o \u00e9, por isso, incontorn\u00e1vel, perante a press\u00e3o nos pre\u00e7os e o crescimento do alojamento local, que retira casas do mercado de arrendamento tradicional. Os candidatos acenam com a necessidade de construir mais habita\u00e7\u00e3o para responder \u00e0s fam\u00edlias com maiores car\u00eancias, mas tamb\u00e9m \u00e0 classe m\u00e9dia.<\/p>\n<p>Uma das formas de contrariar a falta de m\u00e3o-de-obra nos setores do alojamento e restaura\u00e7\u00e3o tem passado pelos imigrantes. E isso cria uma nova centralidade no debate pol\u00edtico, at\u00e9 por ser um tema natural no discurso do Chega. Em Faro, uma das propostas passa por negociar com o Governo uma lei que defina um n\u00famero limite de pessoas por habita\u00e7\u00e3o, para evitar casas sobrelotadas.<\/p>\n<p>A imigra\u00e7\u00e3o \u00e9 ainda associada \u00e0 sensa\u00e7\u00e3o de inseguran\u00e7a, que leva os partidos a prometerem refor\u00e7os tanto na videovigil\u00e2ncia como no policiamento.\u00a0Para inverter esse cen\u00e1rio, pede-se mais ilumina\u00e7\u00e3o p\u00fablica, maior limpeza, o fim dos contentores do lixo cheios ou dos pavimentos degradados.<\/p>\n<p>Em Faro, s\u00e3o tamb\u00e9m determinantes solu\u00e7\u00f5es na sa\u00fade, como o acesso a m\u00e9dicos de fam\u00edlia, num concelho que aguarda pela obra do seu Hospital Central.<\/p>\n<p>Por fim, um problema transversal a todo o Algarve: a seca e as dificuldades na gest\u00e3o de \u00e1gua, que t\u00eam obrigado a medidas tempor\u00e1ria de conten\u00e7\u00e3o. Nesta mat\u00e9ria, h\u00e1 alertas de que os sistemas de drenagem e escoamento precisam de ser mudados, porque n\u00e3o conseguir\u00e3o dar resposta a chuvas r\u00e1pidas e intensas &#8211; algo que o aquecimento global tem vindo a tornar mais frequente.<\/p>\n<p> <img loading=\"lazy\" decoding=\"async\" alt=\"\" height=\"548\" src=\"https:\/\/www.europesays.com\/pt\/wp-content\/uploads\/2025\/09\/68c97b72d34e58bc6795cdbb.webp\" width=\"800\"\/> <\/p>\n<p>   Faro quer solu\u00e7\u00f5es para l\u00e1 do turismo (Getty Images) <\/p>\n<p>Curr\u00edculo de guerra <\/p>\n<p>O passado importa na hora de medir as probabilidades que cada for\u00e7a pol\u00edtica tem. Veja como evolu\u00edram as principais for\u00e7as pol\u00edticas neste concelho.<\/p>\n<p>Nota: nesta compara\u00e7\u00e3o foram apenas tidos em conta os cinco partidos com maior peso eleitoral nas \u00faltimas elei\u00e7\u00f5es aut\u00e1rquicas, de 2021. O PSD concorreu em coliga\u00e7\u00e3o com outros partidos de direita.<\/p>\n","protected":false},"excerpt":{"rendered":"H\u00e1 autarquias onde o resultado de 12 de outubro ter\u00e1 peso nacional: s\u00e3o populosos, t\u00eam v\u00e1rios candidatos a&hellip;\n","protected":false},"author":2,"featured_media":82435,"comment_status":"","ping_status":"","sticky":false,"template":"","format":"standard","meta":{"footnotes":""},"categories":[10],"tags":[609,836,611,2431,27,28,607,608,333,832,604,135,610,476,2258,17593,9475,15,16,301,830,14,603,25,26,570,21,22,831,833,62,834,12,13,19,20,835,602,52,32,23,24,33,17,18,29,30,31],"class_list":{"0":"post-82434","1":"post","2":"type-post","3":"status-publish","4":"format-standard","5":"has-post-thumbnail","7":"category-portugal","8":"tag-alerta","9":"tag-analise","10":"tag-ao-minuto","11":"tag-autarquicas-2025","12":"tag-breaking-news","13":"tag-breakingnews","14":"tag-cnn","15":"tag-cnn-portugal","16":"tag-comentadores","17":"tag-costa","18":"tag-crime","19":"tag-desporto","20":"tag-direto","21":"tag-economia","22":"tag-eleicoes","23":"tag-eleicoes-autarquicas","24":"tag-faro","25":"tag-featured-news","26":"tag-featurednews","27":"tag-governo","28":"tag-guerra","29":"tag-headlines","30":"tag-justica","31":"tag-latest-news","32":"tag-latestnews","33":"tag-live","34":"tag-main-news","35":"tag-mainnews","36":"tag-mais-vistas","37":"tag-marcelo","38":"tag-mundo","39":"tag-negocios","40":"tag-news","41":"tag-noticias","42":"tag-noticias-principais","43":"tag-noticiasprincipais","44":"tag-opiniao","45":"tag-pais","46":"tag-politica","47":"tag-portugal","48":"tag-principais-noticias","49":"tag-principaisnoticias","50":"tag-pt","51":"tag-top-stories","52":"tag-topstories","53":"tag-ultimas","54":"tag-ultimas-noticias","55":"tag-ultimasnoticias"},"share_on_mastodon":{"url":"","error":""},"_links":{"self":[{"href":"https:\/\/www.europesays.com\/pt\/wp-json\/wp\/v2\/posts\/82434","targetHints":{"allow":["GET"]}}],"collection":[{"href":"https:\/\/www.europesays.com\/pt\/wp-json\/wp\/v2\/posts"}],"about":[{"href":"https:\/\/www.europesays.com\/pt\/wp-json\/wp\/v2\/types\/post"}],"author":[{"embeddable":true,"href":"https:\/\/www.europesays.com\/pt\/wp-json\/wp\/v2\/users\/2"}],"replies":[{"embeddable":true,"href":"https:\/\/www.europesays.com\/pt\/wp-json\/wp\/v2\/comments?post=82434"}],"version-history":[{"count":0,"href":"https:\/\/www.europesays.com\/pt\/wp-json\/wp\/v2\/posts\/82434\/revisions"}],"wp:featuredmedia":[{"embeddable":true,"href":"https:\/\/www.europesays.com\/pt\/wp-json\/wp\/v2\/media\/82435"}],"wp:attachment":[{"href":"https:\/\/www.europesays.com\/pt\/wp-json\/wp\/v2\/media?parent=82434"}],"wp:term":[{"taxonomy":"category","embeddable":true,"href":"https:\/\/www.europesays.com\/pt\/wp-json\/wp\/v2\/categories?post=82434"},{"taxonomy":"post_tag","embeddable":true,"href":"https:\/\/www.europesays.com\/pt\/wp-json\/wp\/v2\/tags?post=82434"}],"curies":[{"name":"wp","href":"https:\/\/api.w.org\/{rel}","templated":true}]}}