{"id":82440,"date":"2025-09-22T21:09:11","date_gmt":"2025-09-22T21:09:11","guid":{"rendered":"https:\/\/www.europesays.com\/pt\/82440\/"},"modified":"2025-09-22T21:09:11","modified_gmt":"2025-09-22T21:09:11","slug":"fotografo-viraliza-no-instagram-com-imagens-que-mostram-a-qualidade-do-zoom-do-iphone-17-pro-max","status":"publish","type":"post","link":"https:\/\/www.europesays.com\/pt\/82440\/","title":{"rendered":"Fot\u00f3grafo viraliza no Instagram com imagens que mostram a qualidade do zoom do iPhone 17 Pro Max"},"content":{"rendered":"<p>O fot\u00f3grafo australiano Peter Yan, de Melbourne, viralizou no Instagram ao compartilhar imagens impressionantes feitas com o iPhone 17 Pro Max, destacando a pot\u00eancia do novo zoom 8\u00d7 do aparelho. <\/p>\n<p>As fotos, capturadas em um \u00fanico dia em Londres, mostram desde paisagens amplas da cidade at\u00e9 detalhes minuciosos que antes s\u00f3 eram poss\u00edveis com lentes profissionais.<\/p>\n<p><img fetchpriority=\"high\" decoding=\"async\" width=\"768\" height=\"1024\" data-id=\"32902\" src=\"https:\/\/www.europesays.com\/pt\/wp-content\/uploads\/2025\/09\/FEED-IPHONE-8-768x1024.jpg\" alt=\"\" class=\"wp-image-32902\"  \/><\/p>\n<p><img loading=\"lazy\" decoding=\"async\" width=\"768\" height=\"1024\" data-id=\"32899\" src=\"https:\/\/www.europesays.com\/pt\/wp-content\/uploads\/2025\/09\/FEED-IPHONE-9-min-768x1024.png\" alt=\"\" class=\"wp-image-32899\"  \/><\/p>\n<p>Peter compartilhou suas impress\u00f5es na legenda do post: <\/p>\n<blockquote class=\"wp-block-quote is-layout-flow wp-block-quote-is-layout-flow\">\n<p>\u201cTive a sorte de testar o novo iPhone 17 Pro Max antes do lan\u00e7amento. Passei o dia inteiro explorando Londres para ver at\u00e9 onde a c\u00e2mera poderia chegar \u2014 desde imagens ultra-wide da cidade at\u00e9 o incr\u00edvel alcance do novo zoom 8\u00d7. Honestamente, parece ter v\u00e1rias lentes de qualidade no bolso: uma para a grande vis\u00e3o, outra para os pequenos detalhes\u201d.<\/p>\n<\/blockquote>\n<p>O post, marcado com #ShotOniPhone, rapidamente chamou a aten\u00e7\u00e3o de fot\u00f3grafos, entusiastas de tecnologia e usu\u00e1rios de redes sociais, acumulando milhares de curtidas e coment\u00e1rios em poucas horas.<\/p>\n<p> As imagens destacam a evolu\u00e7\u00e3o das c\u00e2meras dos smartphones, mostrando que dispositivos m\u00f3veis agora podem competir com c\u00e2meras profissionais em determinadas situa\u00e7\u00f5es, especialmente quando se trata de zoom e nitidez de detalhes.<\/p>\n<p><img loading=\"lazy\" decoding=\"async\" width=\"768\" height=\"1024\" data-id=\"32906\" src=\"https:\/\/www.europesays.com\/pt\/wp-content\/uploads\/2025\/09\/FEED-IPHONE-6-min-1-768x1024.png\" alt=\"\" class=\"wp-image-32906\"  \/><\/p>\n<p><img loading=\"lazy\" decoding=\"async\" width=\"768\" height=\"1024\" data-id=\"32905\" src=\"https:\/\/www.europesays.com\/pt\/wp-content\/uploads\/2025\/09\/FEED-IPHONE-7-min-1-768x1024.png\" alt=\"\" class=\"wp-image-32905\"  \/><\/p>\n<p>Al\u00e9m do alcance do zoom, as fotos de Peter revelam a versatilidade do iPhone 17 Pro Max, capaz de capturar tanto a grandiosidade de paisagens urbanas quanto pequenas texturas e elementos discretos que passam despercebidos a olho nu. <\/p>\n<p>Segundo o fot\u00f3grafo, cada clique parecia aproveitar ao m\u00e1ximo as novas funcionalidades da c\u00e2mera, transformando o smartphone em uma ferramenta poderosa para fotografia de rua e arquitetura.<\/p>\n<p><img loading=\"lazy\" decoding=\"async\" width=\"1000\" height=\"667\" src=\"https:\/\/www.europesays.com\/pt\/wp-content\/uploads\/2025\/09\/Fotografo-viraliza-no-Instagram-com-imagens-que-mostram-a-qualidade-do-zoom-do-iPhone-17-Pro-Max-1.j.jpeg\" alt=\"\" class=\"wp-image-32910\"  \/><\/p>\n<p>O iPhone 17 Pro Max, com seu zoom avan\u00e7ado e sensores aprimorados, refor\u00e7a a tend\u00eancia de que smartphones podem entregar resultados profissionais em m\u00e3os habilidosas.<\/p>\n","protected":false},"excerpt":{"rendered":"O fot\u00f3grafo australiano Peter Yan, de Melbourne, viralizou no Instagram ao compartilhar imagens impressionantes feitas com o iPhone&hellip;\n","protected":false},"author":2,"featured_media":82441,"comment_status":"","ping_status":"","sticky":false,"template":"","format":"standard","meta":{"footnotes":""},"categories":[144],"tags":[207,205,206,203,201,202,204,114,115,32,33],"class_list":{"0":"post-82440","1":"post","2":"type-post","3":"status-publish","4":"format-standard","5":"has-post-thumbnail","7":"category-arte-e-design","8":"tag-arte","9":"tag-arte-e-design","10":"tag-artedesign","11":"tag-arts","12":"tag-arts-and-design","13":"tag-artsanddesign","14":"tag-design","15":"tag-entertainment","16":"tag-entretenimento","17":"tag-portugal","18":"tag-pt"},"share_on_mastodon":{"url":"","error":""},"_links":{"self":[{"href":"https:\/\/www.europesays.com\/pt\/wp-json\/wp\/v2\/posts\/82440","targetHints":{"allow":["GET"]}}],"collection":[{"href":"https:\/\/www.europesays.com\/pt\/wp-json\/wp\/v2\/posts"}],"about":[{"href":"https:\/\/www.europesays.com\/pt\/wp-json\/wp\/v2\/types\/post"}],"author":[{"embeddable":true,"href":"https:\/\/www.europesays.com\/pt\/wp-json\/wp\/v2\/users\/2"}],"replies":[{"embeddable":true,"href":"https:\/\/www.europesays.com\/pt\/wp-json\/wp\/v2\/comments?post=82440"}],"version-history":[{"count":0,"href":"https:\/\/www.europesays.com\/pt\/wp-json\/wp\/v2\/posts\/82440\/revisions"}],"wp:featuredmedia":[{"embeddable":true,"href":"https:\/\/www.europesays.com\/pt\/wp-json\/wp\/v2\/media\/82441"}],"wp:attachment":[{"href":"https:\/\/www.europesays.com\/pt\/wp-json\/wp\/v2\/media?parent=82440"}],"wp:term":[{"taxonomy":"category","embeddable":true,"href":"https:\/\/www.europesays.com\/pt\/wp-json\/wp\/v2\/categories?post=82440"},{"taxonomy":"post_tag","embeddable":true,"href":"https:\/\/www.europesays.com\/pt\/wp-json\/wp\/v2\/tags?post=82440"}],"curies":[{"name":"wp","href":"https:\/\/api.w.org\/{rel}","templated":true}]}}