{"id":82442,"date":"2025-09-22T21:10:35","date_gmt":"2025-09-22T21:10:35","guid":{"rendered":"https:\/\/www.europesays.com\/pt\/82442\/"},"modified":"2025-09-22T21:10:35","modified_gmt":"2025-09-22T21:10:35","slug":"jornal-candido-dedica-edicao-aos-clubes-de-leitura-para-mulheres","status":"publish","type":"post","link":"https:\/\/www.europesays.com\/pt\/82442\/","title":{"rendered":"Jornal C\u00e2ndido dedica edi\u00e7\u00e3o aos clubes de leitura para mulheres"},"content":{"rendered":"<p>No especial Outras palavras, Isa Hon\u00f3rio conversa com Marilia Kubota, Rafaela Tavares Kawasaki e tayna miessa<\/p>\n<p><img loading=\"lazy\" decoding=\"async\" src=\"https:\/\/www.europesays.com\/pt\/wp-content\/uploads\/2025\/09\/pd4UpvZt0H77I4fyx4P8bEtKUXA138VVmnpUlKIr8KF8iq7Q96stIAzD7S2mJrVhvGTgHiRXA6UUmN6Z.jpg\" width=\"356\" height=\"183\" \/>A edi\u00e7\u00e3o 164 do <strong>C\u00e2ndido<\/strong>, jornal da Biblioteca P\u00fablica do Paran\u00e1, traz como reportagem principal um mergulho nos <strong>clubes de leitura para mulheres<\/strong>. Assinada pela jornalista<strong> <\/strong>Cecilia Zarpelon, a mat\u00e9ria mostra o crescimento dessas rodas que, al\u00e9m de promoverem o debate liter\u00e1rio, formam comunidades de escuta e d\u00e3o visibilidade a autorias femininas. A reportagem \u00e9 acompanhada por uma sele\u00e7\u00e3o de livros recomendados pelas entrevistadas, voltada a quem j\u00e1 participa ou deseja criar seu pr\u00f3prio clube. <\/p>\n<p>No especial Outras palavras, Isa Hon\u00f3rio conversa com Marilia Kubota, Rafaela Tavares Kawasaki e tayna miessa, integrantes da mesa Mulheres amarelas e narrativa de mem\u00f3rias, dentro do projeto Mulheres que circulam pela cidade, realizado na Biblioteca P\u00fablica do Paran\u00e1. O artigo \u201cA grande onda liter\u00e1ria em Maring\u00e1\u201d, de Victor Simi\u00e3o, tamb\u00e9m integra a edi\u00e7\u00e3o, destacando autoras e autores da cidade que v\u00eam conquistando espa\u00e7o no cen\u00e1rio nacional.\n <\/p>\n<p>A se\u00e7\u00e3o de literatura publica um ensaio sobre Florbela Espanca, com texto in\u00e9dito e ilustra\u00e7\u00f5es de Bruna Rossato, feito para a edi\u00e7\u00e3o de Relic\u00e1rio em Verso (Andr\u00f4meda Editora). Entre os in\u00e9ditos, est\u00e3o o conto de Melissa Sayuri, vencedor do VII Concurso Liter\u00e1rio Luci Collin, e a estreia da coluna Orelhas Marcadas, de Carlitos Marinho, reunindo coment\u00e1rios de leitores sobre textos publicados no jornalismo em geral.\n <\/p>\n<p>O ensaio fotogr\u00e1fico \u201cMovimentos\u201d, de Danielle Freitas, registra a cena do hip-hop curitibano, em especial a Batalha da Men\u00f4, que completou oito anos em 2024. A capa da edi\u00e7\u00e3o \u00e9 assinada por Tatiana Torricillas.\n <\/p>\n<p><a href=\"https:\/\/www.publishnews.com.br\/adm\/conteudo\/materias\/incluir#\" data-start=\"1933\" data-end=\"1976\" class=\"decorated-link\" rel=\"noopener nofollow\" target=\"_blank\">A edi\u00e7\u00e3o completa est\u00e1 dispon\u00edvel aqui<\/a>.<\/p>\n","protected":false},"excerpt":{"rendered":"No especial Outras palavras, Isa Hon\u00f3rio conversa com Marilia Kubota, Rafaela Tavares Kawasaki e tayna miessa A edi\u00e7\u00e3o&hellip;\n","protected":false},"author":2,"featured_media":82443,"comment_status":"","ping_status":"","sticky":false,"template":"","format":"standard","meta":{"footnotes":""},"categories":[143],"tags":[868,877,867,169,869,872,873,880,114,115,874,870,875,878,879,864,876,237,871,170,865,866,13,32,33],"class_list":{"0":"post-82442","1":"post","2":"type-post","3":"status-publish","4":"format-standard","5":"has-post-thumbnail","7":"category-livros","8":"tag-best-seller","9":"tag-biblioteca","10":"tag-bienal-do-livro","11":"tag-books","12":"tag-clipping","13":"tag-e-book","14":"tag-ebook","15":"tag-editora","16":"tag-entertainment","17":"tag-entretenimento","18":"tag-escritor","19":"tag-eventos","20":"tag-festival-literario","21":"tag-lancamentos","22":"tag-leitura","23":"tag-literatura","24":"tag-livraria","25":"tag-livro","26":"tag-livro-digital","27":"tag-livros","28":"tag-mercado-editorial","29":"tag-mercado-livreiro","30":"tag-noticias","31":"tag-portugal","32":"tag-pt"},"share_on_mastodon":{"url":"","error":""},"_links":{"self":[{"href":"https:\/\/www.europesays.com\/pt\/wp-json\/wp\/v2\/posts\/82442","targetHints":{"allow":["GET"]}}],"collection":[{"href":"https:\/\/www.europesays.com\/pt\/wp-json\/wp\/v2\/posts"}],"about":[{"href":"https:\/\/www.europesays.com\/pt\/wp-json\/wp\/v2\/types\/post"}],"author":[{"embeddable":true,"href":"https:\/\/www.europesays.com\/pt\/wp-json\/wp\/v2\/users\/2"}],"replies":[{"embeddable":true,"href":"https:\/\/www.europesays.com\/pt\/wp-json\/wp\/v2\/comments?post=82442"}],"version-history":[{"count":0,"href":"https:\/\/www.europesays.com\/pt\/wp-json\/wp\/v2\/posts\/82442\/revisions"}],"wp:featuredmedia":[{"embeddable":true,"href":"https:\/\/www.europesays.com\/pt\/wp-json\/wp\/v2\/media\/82443"}],"wp:attachment":[{"href":"https:\/\/www.europesays.com\/pt\/wp-json\/wp\/v2\/media?parent=82442"}],"wp:term":[{"taxonomy":"category","embeddable":true,"href":"https:\/\/www.europesays.com\/pt\/wp-json\/wp\/v2\/categories?post=82442"},{"taxonomy":"post_tag","embeddable":true,"href":"https:\/\/www.europesays.com\/pt\/wp-json\/wp\/v2\/tags?post=82442"}],"curies":[{"name":"wp","href":"https:\/\/api.w.org\/{rel}","templated":true}]}}