{"id":82468,"date":"2025-09-22T21:25:12","date_gmt":"2025-09-22T21:25:12","guid":{"rendered":"https:\/\/www.europesays.com\/pt\/82468\/"},"modified":"2025-09-22T21:25:12","modified_gmt":"2025-09-22T21:25:12","slug":"ana-guiomar-faz-pedido-de-ajuda-precisa-muito-novelas","status":"publish","type":"post","link":"https:\/\/www.europesays.com\/pt\/82468\/","title":{"rendered":"Ana Guiomar faz pedido de ajuda: \u00abPrecisa muito&#8230;\u00bb &#8211; Novelas"},"content":{"rendered":"<p><strong data-end=\"166\" data-start=\"151\"><a href=\"https:\/\/tvi.iol.pt\/novelas\/fotos\/na-cidade-do-amor-ana-guiomar-esta-com-companhia-especial\/68bedb82d34ee0c2fecfd16e\" wbo-id=\"49\" rel=\"nofollow noopener\" target=\"_blank\">Ana Guiomar<\/a>\u00a0<\/strong>voltou a usar as redes sociais para um gesto especial. A atriz, de 37 anos, partilhou no Instagram a fotografia de um c\u00e3o que est\u00e1 \u00e0 procura de um lar, com uma mensagem que n\u00e3o deixou ningu\u00e9m indiferente:<strong> \u00abEsta coisa fofa precisa MUITO de uma fam\u00edlia\u00bb.<img loading=\"lazy\" decoding=\"async\" alt=\"Ana Guiomar faz pedido de ajuda \u00abPrecisa muito...\u00bb\" height=\"1772\" src=\"https:\/\/www.europesays.com\/pt\/wp-content\/uploads\/2025\/09\/1758576312_605_1000.webp\" width=\"1000\"\/><\/strong><\/p>\n<p>Recentemente, a atriz da TVI tem mostrado v\u00e1rios registos da sua vida pessoal, divididos entre momentos de descontra\u00e7\u00e3o e partilhas mais emotivas. Recentemente, no Ramalhal, a sua terra natal, Ana Guiomar deixou-se fotografar rodeada pela fam\u00edlia e amigos, num ambiente de festa e alegria. Na legenda da publica\u00e7\u00e3o escreveu com humor: \u00abFam\u00edlia Reis Pereira Fonseca in Fiesta di Ramalhal\u00bb.<\/p>\n<p>Sempre pr\u00f3xima dos seguidores, a atriz n\u00e3o escondeu a felicidade destes encontros, refor\u00e7ando a import\u00e2ncia dos la\u00e7os familiares que mant\u00e9m pr\u00f3ximos. O registo descontra\u00eddo rapidamente conquistou mensagens carinhosas dos seguidores, que acompanham atentamente o dia a dia da atriz.<\/p>\n<p>No mesmo regresso ao Ramalhal, Ana Guiomar n\u00e3o perdeu a oportunidade de brincar com os conterr\u00e2neos. Num v\u00eddeo partilhado nos stories do Instagram, declarou entre gargalhadas: \u00ab\u00c9 assim. Hoje n\u00e3o h\u00e1 aqui ningu\u00e9m. Fa\u00e7am o favor, pessoas do Oeste, de encher isto. Eu sou a provedora do Ramalhal. N\u00e3o \u00e9 provedora, \u00e9 embaixadora\u00bb. O momento refor\u00e7ou o lado genu\u00edno e divertido que caracteriza a atriz.<\/p>\n<p>Apesar da agenda preenchida, Ana Guiomar continua a equilibrar o trabalho com momentos de lazer. Este ano, celebrou os seus 37 anos de forma especial, e tem dividido mem\u00f3rias desses dias nas redes sociais. Ao mesmo tempo, partilha pequenos desabafos do quotidiano, como quando confessou sobre o in\u00edcio de uma nova semana: \u00abAt\u00e9 tenho medo desta!\u00bb, revelando, sempre com humor, o ritmo intenso que tem vivido.<\/p>\n<p>E motivos n\u00e3o faltaram. Entre concertos, viagens e encontros felizes, a atriz conseguiu condensar numa s\u00f3 semana experi\u00eancias de sonho: esteve em Paris para assistir ao concerto de Drake com o irm\u00e3o Leonardo (muito f\u00e3 do rapper), come\u00e7ou a dar vida a uma nova personagem, Am\u00e1lia, e ainda participou na apresenta\u00e7\u00e3o da nova grelha da TVI. Um calend\u00e1rio preenchido, mas sempre vivido com energia e boa disposi\u00e7\u00e3o.<\/p>\n<p>Atualmente, Ana Guiomar encontra-se em grava\u00e7\u00f5es da nova novela da TVI, <strong>\u00abAmor \u00e0 Prova\u00bb<\/strong>, que promete emocionar os portugueses.<\/p>\n<p>Mesmo com uma agenda muito preenchida, a atriz de 37 anos <strong>n\u00e3o deixa de partilhar momentos que revelam o seu lado mais humano <\/strong>\u2014 seja a rir com uma piada, a recordar um momento nost\u00e1lgico ou, como agora, a apelar \u00e0 ado\u00e7\u00e3o de um animal que precisa de carinho e de uma fam\u00edlia.<\/p>\n<p>Este gesto solid\u00e1rio volta a mostrar o quanto a atriz valoriza as causas solid\u00e1rias. E, como sempre, Ana Guiomar f\u00ea-lo de forma simples e espont\u00e2nea.<\/p>\n","protected":false},"excerpt":{"rendered":"Ana Guiomar\u00a0voltou a usar as redes sociais para um gesto especial. A atriz, de 37 anos, partilhou no&hellip;\n","protected":false},"author":2,"featured_media":82469,"comment_status":"","ping_status":"","sticky":false,"template":"","format":"standard","meta":{"footnotes":""},"categories":[142],"tags":[14756,160,1353,166,114,115,157,167,164,161,158,165,159,32,33,156,163,151,162],"class_list":{"0":"post-82468","1":"post","2":"type-post","3":"status-publish","4":"format-standard","5":"has-post-thumbnail","7":"category-tv","8":"tag-ajuda","9":"tag-ana-guiomar","10":"tag-animais","11":"tag-cristina-ferreira","12":"tag-entertainment","13":"tag-entretenimento","14":"tag-festa-e-festa","15":"tag-ficcao","16":"tag-jose-fidalgo","17":"tag-novelas","18":"tag-para-sempre","19":"tag-pedro-sousa","20":"tag-pedro-teixeira","21":"tag-portugal","22":"tag-pt","23":"tag-queridos-papas","24":"tag-tiago-teotonio-pereira","25":"tag-tv","26":"tag-tvi"},"share_on_mastodon":{"url":"","error":""},"_links":{"self":[{"href":"https:\/\/www.europesays.com\/pt\/wp-json\/wp\/v2\/posts\/82468","targetHints":{"allow":["GET"]}}],"collection":[{"href":"https:\/\/www.europesays.com\/pt\/wp-json\/wp\/v2\/posts"}],"about":[{"href":"https:\/\/www.europesays.com\/pt\/wp-json\/wp\/v2\/types\/post"}],"author":[{"embeddable":true,"href":"https:\/\/www.europesays.com\/pt\/wp-json\/wp\/v2\/users\/2"}],"replies":[{"embeddable":true,"href":"https:\/\/www.europesays.com\/pt\/wp-json\/wp\/v2\/comments?post=82468"}],"version-history":[{"count":0,"href":"https:\/\/www.europesays.com\/pt\/wp-json\/wp\/v2\/posts\/82468\/revisions"}],"wp:featuredmedia":[{"embeddable":true,"href":"https:\/\/www.europesays.com\/pt\/wp-json\/wp\/v2\/media\/82469"}],"wp:attachment":[{"href":"https:\/\/www.europesays.com\/pt\/wp-json\/wp\/v2\/media?parent=82468"}],"wp:term":[{"taxonomy":"category","embeddable":true,"href":"https:\/\/www.europesays.com\/pt\/wp-json\/wp\/v2\/categories?post=82468"},{"taxonomy":"post_tag","embeddable":true,"href":"https:\/\/www.europesays.com\/pt\/wp-json\/wp\/v2\/tags?post=82468"}],"curies":[{"name":"wp","href":"https:\/\/api.w.org\/{rel}","templated":true}]}}