{"id":82496,"date":"2025-09-22T21:53:10","date_gmt":"2025-09-22T21:53:10","guid":{"rendered":"https:\/\/www.europesays.com\/pt\/82496\/"},"modified":"2025-09-22T21:53:10","modified_gmt":"2025-09-22T21:53:10","slug":"capotamento-na-a25-causa-um-ferido-grave-e-corta-transito","status":"publish","type":"post","link":"https:\/\/www.europesays.com\/pt\/82496\/","title":{"rendered":"Capotamento na A25 causa um ferido grave e corta tr\u00e2nsito"},"content":{"rendered":"<p>&#8220;O acidente ocorreu ao quil\u00f3metro 149 da A25, a seguir ao n\u00f3 de A\u00e7ores, e causou um ferido grave, o condutor do ve\u00edculo ligeiro, de 37 anos, que foi transportado para o Hospital da Guarda&#8221;, disse \u00e0 ag\u00eancia Lusa fonte do Comando Sub-Regional de Emerg\u00eancia e Prote\u00e7\u00e3o Civil das Beiras e Serra Estrela.<\/p>\n<p data-remotead-prev-elm=\"true\" data-remotead-elm-id=\"inread\">O alerta para o acidente na Autoestrada das Beiras Litoral e Alta, que liga Aveiro a Vilar Formoso, foi dado pelas 16:41 e para o local foram mobilizados 12 operacionais dos bombeiros de Celorico da Beira, GNR e da Ascendi, concession\u00e1ria da A25, apoiados por cinco viaturas.<\/p>\n<p>&#8220;A autoestrada continua cortada at\u00e9 haver condi\u00e7\u00f5es para a sua reabertura. Em alternativa, o tr\u00e2nsito est\u00e1 a fazer-se pela EN16, a partir do n\u00f3 da Lajeosa do Mondego, ou pelo antigo IP5, no n\u00f3 de A\u00e7ores\/Sobral da Serra&#8221;, adiantou a Prote\u00e7\u00e3o Civil.<\/p>\n","protected":false},"excerpt":{"rendered":"&#8220;O acidente ocorreu ao quil\u00f3metro 149 da A25, a seguir ao n\u00f3 de A\u00e7ores, e causou um ferido&hellip;\n","protected":false},"author":2,"featured_media":82497,"comment_status":"","ping_status":"","sticky":false,"template":"","format":"standard","meta":{"footnotes":""},"categories":[10],"tags":[27,28,21076,15,16,14,25,26,21,22,12,13,19,20,32,23,24,33,17,18,29,30,31],"class_list":{"0":"post-82496","1":"post","2":"type-post","3":"status-publish","4":"format-standard","5":"has-post-thumbnail","7":"category-portugal","8":"tag-breaking-news","9":"tag-breakingnews","10":"tag-concelho-celorico-da-beira","11":"tag-featured-news","12":"tag-featurednews","13":"tag-headlines","14":"tag-latest-news","15":"tag-latestnews","16":"tag-main-news","17":"tag-mainnews","18":"tag-news","19":"tag-noticias","20":"tag-noticias-principais","21":"tag-noticiasprincipais","22":"tag-portugal","23":"tag-principais-noticias","24":"tag-principaisnoticias","25":"tag-pt","26":"tag-top-stories","27":"tag-topstories","28":"tag-ultimas","29":"tag-ultimas-noticias","30":"tag-ultimasnoticias"},"share_on_mastodon":{"url":"","error":""},"_links":{"self":[{"href":"https:\/\/www.europesays.com\/pt\/wp-json\/wp\/v2\/posts\/82496","targetHints":{"allow":["GET"]}}],"collection":[{"href":"https:\/\/www.europesays.com\/pt\/wp-json\/wp\/v2\/posts"}],"about":[{"href":"https:\/\/www.europesays.com\/pt\/wp-json\/wp\/v2\/types\/post"}],"author":[{"embeddable":true,"href":"https:\/\/www.europesays.com\/pt\/wp-json\/wp\/v2\/users\/2"}],"replies":[{"embeddable":true,"href":"https:\/\/www.europesays.com\/pt\/wp-json\/wp\/v2\/comments?post=82496"}],"version-history":[{"count":0,"href":"https:\/\/www.europesays.com\/pt\/wp-json\/wp\/v2\/posts\/82496\/revisions"}],"wp:featuredmedia":[{"embeddable":true,"href":"https:\/\/www.europesays.com\/pt\/wp-json\/wp\/v2\/media\/82497"}],"wp:attachment":[{"href":"https:\/\/www.europesays.com\/pt\/wp-json\/wp\/v2\/media?parent=82496"}],"wp:term":[{"taxonomy":"category","embeddable":true,"href":"https:\/\/www.europesays.com\/pt\/wp-json\/wp\/v2\/categories?post=82496"},{"taxonomy":"post_tag","embeddable":true,"href":"https:\/\/www.europesays.com\/pt\/wp-json\/wp\/v2\/tags?post=82496"}],"curies":[{"name":"wp","href":"https:\/\/api.w.org\/{rel}","templated":true}]}}