{"id":82520,"date":"2025-09-22T22:25:08","date_gmt":"2025-09-22T22:25:08","guid":{"rendered":"https:\/\/www.europesays.com\/pt\/82520\/"},"modified":"2025-09-22T22:25:08","modified_gmt":"2025-09-22T22:25:08","slug":"taylor-swift-leva-the-life-of-a-showgirl-para-os-cinemas-em-outubro","status":"publish","type":"post","link":"https:\/\/www.europesays.com\/pt\/82520\/","title":{"rendered":"Taylor Swift leva \u201cThe Life of a Showgirl\u201d para os cinemas em outubro"},"content":{"rendered":"<p style=\"text-align: justify;\" data-start=\"352\" data-end=\"771\">Taylor Swift est\u00e1 transformando o lan\u00e7amento de seu 12\u00ba \u00e1lbum de est\u00fadio,<a href=\"https:\/\/share.google\/JkFlrqsgr5KInLHFa\" rel=\"nofollow noopener\" target=\"_blank\"> <strong data-start=\"426\" data-end=\"454\">\u201cThe Life of a Showgirl\u201d<\/strong><\/a>, em um verdadeiro espet\u00e1culo multim\u00eddia. A cantora, que chega aos 35 anos consolidada como um dos maiores nomes da m\u00fasica mundial, anunciou que a festa oficial de lan\u00e7amento do projeto ser\u00e1 exibida nos cinemas globais entre os dias 3 e 5 de outubro, em um formato que une concerto, cinema e experi\u00eancia interativa.<\/p>\n<p style=\"text-align: justify;\" data-start=\"773\" data-end=\"1133\">Durante as sess\u00f5es, os f\u00e3s conhecidos como Swifties,\u00a0ter\u00e3o a oportunidade de assistir \u00e0 <strong data-start=\"866\" data-end=\"921\">estreia mundial do videoclipe \u201cThe Fate of Ophelia\u201d<\/strong>, al\u00e9m de explorar conte\u00fados in\u00e9ditos dos bastidores do \u00e1lbum. Swift prometeu mostrar detalhes do processo criativo, incluindo explica\u00e7\u00f5es sobre as inspira\u00e7\u00f5es de cada faixa e os visuais que acompanham o disco.<\/p>\n<p style=\"text-align: justify;\" data-start=\"1135\" data-end=\"1360\">Os ingressos para a experi\u00eancia j\u00e1 est\u00e3o dispon\u00edveis no site releasepartyofashowgirl.com, mas em quantidade limitada, o que deve gerar alta procura, dado o hist\u00f3rico de sucesso da artista em turn\u00eas e lan\u00e7amentos anteriores.<\/p>\n<p style=\"text-align: justify;\" data-start=\"1362\" data-end=\"1651\">Em suas redes sociais, <a href=\"https:\/\/tmjbrazil.com.br\/tag\/Taylor\/\" target=\"_blank\" rel=\"nofollow noopener\"><strong>Taylor<\/strong><\/a> descreveu a proposta como uma celebra\u00e7\u00e3o \u201cdeslumbrante\u201d, convidando os f\u00e3s a reviverem a energia da Eras Tour ou at\u00e9 mesmo a comparecerem com pe\u00e7as ic\u00f4nicas de seu guarda-roupa. \u201cDan\u00e7ar \u00e9 opcional, mas altamente recomendado\u201d, destacou em tom descontra\u00eddo.<\/p>\n<p style=\"text-align: justify;\" data-start=\"1705\" data-end=\"2031\">Em um v\u00eddeo recente, a artista explicou que o conceito de <strong data-start=\"1763\" data-end=\"1791\">\u201cThe Life of a Showgirl\u201d<\/strong> \u00e9 uma homenagem ao luxo e ao glamour da performance no palco. Cada formato f\u00edsico do \u00e1lbum foi pensado como um item colecion\u00e1vel: os CDs trazem photo cards, enquanto as vers\u00f5es em vinil incluem poemas exclusivos e fotografias in\u00e9ditas.<\/p>\n<p style=\"text-align: justify;\" data-start=\"2033\" data-end=\"2247\">Esse cuidado est\u00e9tico refor\u00e7a o posicionamento de Taylor como uma artista que alia m\u00fasica e narrativa visual, estrat\u00e9gia que vem consolidando sua imagem n\u00e3o apenas como cantora, mas como criadora de experi\u00eancias.<\/p>\n<p>Taylor Swift: Parceria com SiriusXM amplia alcance global<\/p>\n<p style=\"text-align: justify;\" data-start=\"2300\" data-end=\"2505\">Al\u00e9m do evento nos cinemas, Taylor Swift anunciou uma parceria com a SiriusXM, que acaba de lan\u00e7ar o <strong data-start=\"2401\" data-end=\"2426\">\u201cTaylor\u2019s Channel 13\u201d<\/strong>, dispon\u00edvel em toda a Am\u00e9rica do Norte entre 20 de setembro e 19 de outubro.<\/p>\n<p style=\"text-align: justify;\" data-start=\"2507\" data-end=\"2873\">O canal re\u00fane os maiores sucessos da carreira da artista, faixas in\u00e9ditas do projeto atual e at\u00e9 apresenta\u00e7\u00f5es ao vivo, funcionando como um espa\u00e7o imersivo para f\u00e3s de todas as gera\u00e7\u00f5es. Segundo Scott Greenstein, presidente da SiriusXM, o objetivo \u00e9 oferecer um destino \u00fanico para celebrar \u201ctodas as eras\u201d da trajet\u00f3ria de Taylor, reafirmando seu impacto cultural.<\/p>\n<p style=\"text-align: justify;\" data-start=\"2875\" data-end=\"3071\">A estreia nos cinemas acontecer\u00e1 <strong data-start=\"2908\" data-end=\"2956\">13 dias antes do lan\u00e7amento oficial do \u00e1lbum<\/strong>, previsto para 3 de outubro, criando uma atmosfera de expectativa semelhante \u00e0 de grandes estreias de Hollywood.<\/p>\n<p style=\"text-align: justify;\" data-start=\"3073\" data-end=\"3278\">Com essa estrat\u00e9gia, Taylor Swift n\u00e3o apenas lan\u00e7a um novo \u00e1lbum, mas transforma o acontecimento em um marco cultural, reafirmando seu lugar no topo da m\u00fasica pop e na ind\u00fastria do entretenimento global.<\/p>\n<p>                            <a href=\"https:\/\/www.correiobraziliense.com.br\/autor\/djenifer-henz\/page\/1\/\" rel=\"nofollow noopener\" target=\"_blank\"><\/p>\n<p>DH<\/p>\n<p><\/a>Djenifer Henz  &#8211; TMJBrazil <strong class=\"entryStrongAuthor\"\/><\/p>\n","protected":false},"excerpt":{"rendered":"Taylor Swift est\u00e1 transformando o lan\u00e7amento de seu 12\u00ba \u00e1lbum de est\u00fadio, \u201cThe Life of a Showgirl\u201d, em&hellip;\n","protected":false},"author":2,"featured_media":82521,"comment_status":"","ping_status":"","sticky":false,"template":"","format":"standard","meta":{"footnotes":""},"categories":[141],"tags":[660,114,115,149,150,12,214,32,33,21077,662],"class_list":{"0":"post-82520","1":"post","2":"type-post","3":"status-publish","4":"format-standard","5":"has-post-thumbnail","7":"category-musica","8":"tag-cb","9":"tag-entertainment","10":"tag-entretenimento","11":"tag-music","12":"tag-musica","13":"tag-news","14":"tag-pop","15":"tag-portugal","16":"tag-pt","17":"tag-taylor","18":"tag-tmj-brazil"},"share_on_mastodon":{"url":"","error":""},"_links":{"self":[{"href":"https:\/\/www.europesays.com\/pt\/wp-json\/wp\/v2\/posts\/82520","targetHints":{"allow":["GET"]}}],"collection":[{"href":"https:\/\/www.europesays.com\/pt\/wp-json\/wp\/v2\/posts"}],"about":[{"href":"https:\/\/www.europesays.com\/pt\/wp-json\/wp\/v2\/types\/post"}],"author":[{"embeddable":true,"href":"https:\/\/www.europesays.com\/pt\/wp-json\/wp\/v2\/users\/2"}],"replies":[{"embeddable":true,"href":"https:\/\/www.europesays.com\/pt\/wp-json\/wp\/v2\/comments?post=82520"}],"version-history":[{"count":0,"href":"https:\/\/www.europesays.com\/pt\/wp-json\/wp\/v2\/posts\/82520\/revisions"}],"wp:featuredmedia":[{"embeddable":true,"href":"https:\/\/www.europesays.com\/pt\/wp-json\/wp\/v2\/media\/82521"}],"wp:attachment":[{"href":"https:\/\/www.europesays.com\/pt\/wp-json\/wp\/v2\/media?parent=82520"}],"wp:term":[{"taxonomy":"category","embeddable":true,"href":"https:\/\/www.europesays.com\/pt\/wp-json\/wp\/v2\/categories?post=82520"},{"taxonomy":"post_tag","embeddable":true,"href":"https:\/\/www.europesays.com\/pt\/wp-json\/wp\/v2\/tags?post=82520"}],"curies":[{"name":"wp","href":"https:\/\/api.w.org\/{rel}","templated":true}]}}