{"id":82525,"date":"2025-09-22T22:28:11","date_gmt":"2025-09-22T22:28:11","guid":{"rendered":"https:\/\/www.europesays.com\/pt\/82525\/"},"modified":"2025-09-22T22:28:11","modified_gmt":"2025-09-22T22:28:11","slug":"prefeitura-de-marica-promove-acao-de-prevencao-contra-o-hiv","status":"publish","type":"post","link":"https:\/\/www.europesays.com\/pt\/82525\/","title":{"rendered":"Prefeitura de Maric\u00e1 promove a\u00e7\u00e3o de preven\u00e7\u00e3o contra o HIV"},"content":{"rendered":"<p>                &#13;<\/p>\n<p>\t\t\t\t<img loading=\"lazy\" width=\"1280\" height=\"960\" src=\"https:\/\/www.europesays.com\/pt\/wp-content\/uploads\/2025\/09\/Foto-Marcos-Fabricio.jpg\" class=\"attachment-post-thumbnail size-post-thumbnail wp-post-image\" alt=\"\" decoding=\"async\"  \/>\t\t\t&#13;<br \/>\n&#13;<br \/>\n\t\tFoto: Marcos Fabr\u00edcio<\/p>\n<p>A Prefeitura de Maric\u00e1, por meio da Secretaria de Sa\u00fade, promove nesta quarta-feira (24\/09), das 9h \u00e0s 14h, a a\u00e7\u00e3o PrEP Extramuros na Pra\u00e7a do Barroco, em Itaipua\u00e7u. A iniciativa busca esclarecer d\u00favidas sobre a preven\u00e7\u00e3o contra o HIV, al\u00e9m de oferecer orienta\u00e7\u00f5es sobre m\u00e9todos de preven\u00e7\u00e3o combinada ao v\u00edrus, testes r\u00e1pidos para Infec\u00e7\u00f5es Sexualmente Transmiss\u00edveis (IST) e informa\u00e7\u00f5es sobre o Servi\u00e7o de Atendimento Especializado (SAE), que funciona em Ara\u00e7atiba, pr\u00f3ximo ao Aeroporto.<\/p>\n<p>Atrav\u00e9s da a\u00e7\u00e3o da Vigil\u00e2ncia em Sa\u00fade do munic\u00edpio, \u00e9 ampliado o acesso a esse importante m\u00e9todo de preven\u00e7\u00e3o ao HIV e estimulado o cuidado em sa\u00fade de forma integral, aproximando a popula\u00e7\u00e3o das estrat\u00e9gias de preven\u00e7\u00e3o e diagn\u00f3stico precoce das IST.<\/p>\n<p>O secret\u00e1rio de Sa\u00fade, Marcelo Velho, destacou a relev\u00e2ncia da mobiliza\u00e7\u00e3o no distrito de Itaipua\u00e7u.<\/p>\n<p>\u201cEssa \u00e9 mais uma iniciativa para refor\u00e7ar a import\u00e2ncia da preven\u00e7\u00e3o ao HIV e ampliar o di\u00e1logo com a popula\u00e7\u00e3o sobre o tema. A PrEP \u00e9 um m\u00e9todo preventivo essencial ao HIV e estamos comprometidos em garantir cuidado integral e acolhimento para todos\u201d, afirmou.<\/p>\n<p>A superintendente de Vigil\u00e2ncia em Sa\u00fade do munic\u00edpio, Daniella Bittencourt, ressaltou o papel das a\u00e7\u00f5es extramuros.<\/p>\n<p>\u201cLevar informa\u00e7\u00e3o e servi\u00e7os para al\u00e9m das unidades de sa\u00fade \u00e9 essencial para ampliar o alcance da preven\u00e7\u00e3o e facilitar o acesso ao diagn\u00f3stico de doen\u00e7as, como as IST. Estamos empenhados para qualificar esse cuidado continuamente em Maric\u00e1\u201d, explicou.<\/p>\n<p>J\u00e1 a coordenadora do Programa de IST, HIV e Hepatites Virais, Danielle Magalh\u00e3es, refor\u00e7ou o convite \u00e0 popula\u00e7\u00e3o para participar da iniciativa em Itaipua\u00e7u.<\/p>\n<p>\u201cO evento PrEP extramuros \u00e9 um momento de cuidado coletivo. A preven\u00e7\u00e3o \u00e9 uma ferramenta poderosa e queremos que cada morador se sinta parte dessa corrente pela vida e pela sa\u00fade\u201d, destacou.<\/p>\n<p><b>Servi\u00e7o: A\u00e7\u00e3o PrEP Extramuros em Itaipua\u00e7u<\/b><\/p>\n<p><b>Data:<\/b>\u00a024\/09 (quarta-feira)<\/p>\n<p><b>Hor\u00e1rio:<\/b>\u00a09h \u00e0s 14h<\/p>\n<p><b>Local:<\/b>\u00a0Pra\u00e7a do Barroco, Itaipua\u00e7u<\/p>\n<p><b>Atividades:<\/b>\u00a0Orienta\u00e7\u00f5es sobre PrEP, testes r\u00e1pidos para IST e informa\u00e7\u00f5es sobre o SAE<\/p>\n","protected":false},"excerpt":{"rendered":"&#13; &#13; &#13; Foto: Marcos Fabr\u00edcio A Prefeitura de Maric\u00e1, por meio da Secretaria de Sa\u00fade, promove nesta&hellip;\n","protected":false},"author":2,"featured_media":82526,"comment_status":"","ping_status":"","sticky":false,"template":"","format":"standard","meta":{"footnotes":""},"categories":[86],"tags":[6134,116,1175,32,33,117],"class_list":{"0":"post-82525","1":"post","2":"type-post","3":"status-publish","4":"format-standard","5":"has-post-thumbnail","7":"category-saude","8":"tag-exames","9":"tag-health","10":"tag-hiv","11":"tag-portugal","12":"tag-pt","13":"tag-saude"},"share_on_mastodon":{"url":"","error":""},"_links":{"self":[{"href":"https:\/\/www.europesays.com\/pt\/wp-json\/wp\/v2\/posts\/82525","targetHints":{"allow":["GET"]}}],"collection":[{"href":"https:\/\/www.europesays.com\/pt\/wp-json\/wp\/v2\/posts"}],"about":[{"href":"https:\/\/www.europesays.com\/pt\/wp-json\/wp\/v2\/types\/post"}],"author":[{"embeddable":true,"href":"https:\/\/www.europesays.com\/pt\/wp-json\/wp\/v2\/users\/2"}],"replies":[{"embeddable":true,"href":"https:\/\/www.europesays.com\/pt\/wp-json\/wp\/v2\/comments?post=82525"}],"version-history":[{"count":0,"href":"https:\/\/www.europesays.com\/pt\/wp-json\/wp\/v2\/posts\/82525\/revisions"}],"wp:featuredmedia":[{"embeddable":true,"href":"https:\/\/www.europesays.com\/pt\/wp-json\/wp\/v2\/media\/82526"}],"wp:attachment":[{"href":"https:\/\/www.europesays.com\/pt\/wp-json\/wp\/v2\/media?parent=82525"}],"wp:term":[{"taxonomy":"category","embeddable":true,"href":"https:\/\/www.europesays.com\/pt\/wp-json\/wp\/v2\/categories?post=82525"},{"taxonomy":"post_tag","embeddable":true,"href":"https:\/\/www.europesays.com\/pt\/wp-json\/wp\/v2\/tags?post=82525"}],"curies":[{"name":"wp","href":"https:\/\/api.w.org\/{rel}","templated":true}]}}