{"id":82531,"date":"2025-09-22T22:32:09","date_gmt":"2025-09-22T22:32:09","guid":{"rendered":"https:\/\/www.europesays.com\/pt\/82531\/"},"modified":"2025-09-22T22:32:09","modified_gmt":"2025-09-22T22:32:09","slug":"mahmmoud-abbas-condena-ataque-de-7-de-outubro-contra-israel","status":"publish","type":"post","link":"https:\/\/www.europesays.com\/pt\/82531\/","title":{"rendered":"Mahmmoud Abbas condena ataque de 7 de outubro contra Israel"},"content":{"rendered":"<p>&#13;<br \/>\nO Hamas deve ainda depor as armas, insistiu.<b>\u00a0&#8220;O Hamas n\u00e3o ter\u00e1 qualquer papel no governo&#8221;<\/b>, afirmou.\u00a0&#13;\n<\/p>\n<p>&#13;<br \/>\n<b>&#8220;O Hamas e outras fac\u00e7\u00f5es devem entregar as suas armas \u00e0 Autoridade Palestiniana<\/b>&#8220;, insistiu ainda Mahmoud Abbas, a quem os Estados Unidos negaram o visto para participar nesta confer\u00eancia sobre a solu\u00e7\u00e3o de dois Estados na sede da ONU em Nova Iorque.&#13;\n<\/p>\n<p>&#13;<br \/>\n&#8220;<b>Tamb\u00e9m condenamos os assassinatos e as deten\u00e7\u00f5es de civis, incluindo as a\u00e7\u00f5es do Hamas a 7 de outubro de 2023<\/b>&#8220;, acrescentou, enquanto Israel acusa h\u00e1 quase dois anos as autoridades palestinianas de n\u00e3o condenarem estes ataques.&#13;\n<\/p>\n<p>&#13;<br \/>\n\u201cO que queremos \u00e9 um Estado unificado sem armas, um Estado com uma s\u00f3 lei e for\u00e7as de seguran\u00e7a leg\u00edtimas\u201d, afirmou.&#13;\n<\/p>\n<p>&#13;<br \/>\nO l\u00edder palestiniano enfatizou ainda o seu compromisso de organizar elei\u00e7\u00f5es presidenciais e legislativas ap\u00f3s o fim da guerra.\u00a0&#13;\n<\/p>\n<p><b>E acrescentou, \u201cvamos elaborar uma constitui\u00e7\u00e3o provis\u00f3ria no prazo de tr\u00eas meses para garantir a transfer\u00eancia do poder da autoridade para o Estado\u201d.<\/b><\/p>\n<p>Abbas apelou ainda a que mais na\u00e7\u00f5es reconhe\u00e7am um Estado palestiniano.<\/p>\n<p>\u201c<b>Elogiamos as posi\u00e7\u00f5es dos pa\u00edses que reconheceram o Estado da Palestina e apelamos aos que ainda n\u00e3o o fizeram que sigam o exemplo<\/b>. Apelamos ao vosso apoio para que a Palestina se torne um membro de pleno direito das Na\u00e7\u00f5es Unidas\u201d, afirmou.&#13;<\/p>\n","protected":false},"excerpt":{"rendered":"&#13; O Hamas deve ainda depor as armas, insistiu.\u00a0&#8220;O Hamas n\u00e3o ter\u00e1 qualquer papel no governo&#8221;, afirmou.\u00a0&#13; &#13;&hellip;\n","protected":false},"author":2,"featured_media":82532,"comment_status":"","ping_status":"","sticky":false,"template":"","format":"standard","meta":{"footnotes":""},"categories":[50],"tags":[27,28,15,16,14,25,26,21,22,62,12,13,19,20,23,24,420,421,17,18,29,30,31,63,64,65],"class_list":{"0":"post-82531","1":"post","2":"type-post","3":"status-publish","4":"format-standard","5":"has-post-thumbnail","7":"category-mundo","8":"tag-breaking-news","9":"tag-breakingnews","10":"tag-featured-news","11":"tag-featurednews","12":"tag-headlines","13":"tag-latest-news","14":"tag-latestnews","15":"tag-main-news","16":"tag-mainnews","17":"tag-mundo","18":"tag-news","19":"tag-noticias","20":"tag-noticias-principais","21":"tag-noticiasprincipais","22":"tag-principais-noticias","23":"tag-principaisnoticias","24":"tag-rtp","25":"tag-rtp-noticias","26":"tag-top-stories","27":"tag-topstories","28":"tag-ultimas","29":"tag-ultimas-noticias","30":"tag-ultimasnoticias","31":"tag-world","32":"tag-world-news","33":"tag-worldnews"},"share_on_mastodon":{"url":"","error":""},"_links":{"self":[{"href":"https:\/\/www.europesays.com\/pt\/wp-json\/wp\/v2\/posts\/82531","targetHints":{"allow":["GET"]}}],"collection":[{"href":"https:\/\/www.europesays.com\/pt\/wp-json\/wp\/v2\/posts"}],"about":[{"href":"https:\/\/www.europesays.com\/pt\/wp-json\/wp\/v2\/types\/post"}],"author":[{"embeddable":true,"href":"https:\/\/www.europesays.com\/pt\/wp-json\/wp\/v2\/users\/2"}],"replies":[{"embeddable":true,"href":"https:\/\/www.europesays.com\/pt\/wp-json\/wp\/v2\/comments?post=82531"}],"version-history":[{"count":0,"href":"https:\/\/www.europesays.com\/pt\/wp-json\/wp\/v2\/posts\/82531\/revisions"}],"wp:featuredmedia":[{"embeddable":true,"href":"https:\/\/www.europesays.com\/pt\/wp-json\/wp\/v2\/media\/82532"}],"wp:attachment":[{"href":"https:\/\/www.europesays.com\/pt\/wp-json\/wp\/v2\/media?parent=82531"}],"wp:term":[{"taxonomy":"category","embeddable":true,"href":"https:\/\/www.europesays.com\/pt\/wp-json\/wp\/v2\/categories?post=82531"},{"taxonomy":"post_tag","embeddable":true,"href":"https:\/\/www.europesays.com\/pt\/wp-json\/wp\/v2\/tags?post=82531"}],"curies":[{"name":"wp","href":"https:\/\/api.w.org\/{rel}","templated":true}]}}