{"id":82533,"date":"2025-09-22T22:33:09","date_gmt":"2025-09-22T22:33:09","guid":{"rendered":"https:\/\/www.europesays.com\/pt\/82533\/"},"modified":"2025-09-22T22:33:09","modified_gmt":"2025-09-22T22:33:09","slug":"obstetras-do-barreiro-recusam-urgencias-no-garcia-de-orta-observador","status":"publish","type":"post","link":"https:\/\/www.europesays.com\/pt\/82533\/","title":{"rendered":"Obstetras do Barreiro recusam urg\u00eancias no Garcia de Orta \u2013 Observador"},"content":{"rendered":"<p>A posi\u00e7\u00e3o de for\u00e7a por parte da tutela, que estar\u00e1 a preparar uma mobiliza\u00e7\u00e3o for\u00e7ada dos obstetras, pode vir a gerar resultados muito limitados. Para al\u00e9m dos cinco m\u00e9dicos com mais de 55 anos (que, para al\u00e9m de n\u00e3o serem obrigados a deslocar-se do ponto de vista legal, tamb\u00e9m n\u00e3o o pretendem fazer), uma outra obstetra amea\u00e7a rescindir o contrato caso a medida avance. \u201c<strong>Uma m\u00e9dica [do servi\u00e7o] diz que, se isto acontecer, rescinde. \u00c9 quase obrigar os mais novos a sa\u00edrem do SNS. N\u00e3o se entende<\/strong>\u201c, diz a fonte que falou com o Observador. Ou seja, o despacho que estar\u00e1 a ser ultimado no Minist\u00e9rio da Sa\u00fade poder\u00e1 servir apenas para mobilizar um m\u00e9dico, o que acontecer, teria um impacto muito limitado na elabora\u00e7\u00e3o das escalas da urg\u00eancia de Obstetr\u00edcia do Garcia de Orta, que continuam muito deficit\u00e1rias.<\/p>\n<p>\u201c<strong>Isto \u00e9 in\u00fatil, porque n\u00e3o h\u00e1 m\u00e9dicos para mobilizar<\/strong>. Os m\u00e9dicos j\u00e1 trabalham com enormes dificuldades, com equipas desfalcadas, com mais horas extra\u201d, sublinha a presidente da FNAM, que defende que, para refor\u00e7ar a resposta obst\u00e9trica na margem sul, \u201co que faria sentido era existir um refor\u00e7o das equipas\u201d, com a contrata\u00e7\u00e3o de mais profissionais e a melhoria das condi\u00e7\u00f5es de trabalho oferecidas aos m\u00e9dicos.<\/p>\n<blockquote class=\"wp-embedded-content\" data-secret=\"UErcPKXKXC\">\n<p><a href=\"https:\/\/observador.pt\/especiais\/do-barreiro-a-leiria-peritos-vao-propor-criacao-de-cinco-urgencias-regionais-de-obstetricia-e-pediatria\/\" rel=\"nofollow noopener\" target=\"_blank\">Do Barreiro a Leiria: peritos v\u00e3o propor cria\u00e7\u00e3o de cinco urg\u00eancias regionais de obstetr\u00edcia e pediatria<\/a><\/p>\n<\/blockquote>\n<p>A ministra da Sa\u00fade conhece, ali\u00e1s, os riscos de avan\u00e7ar com avan\u00e7ar com mobiliza\u00e7\u00f5es for\u00e7adas de m\u00e9dicos para outros hospitais. No ver\u00e3o de 2023, quando Ana Paula Martins era presidente do Hospital de Santa Maria, os m\u00e9dicos obstetras daquela unidade receberam indica\u00e7\u00f5es para se deslocarem para o Hospital S\u00e3o Francisco Xavier, onde iria ficar concentrada a urg\u00eancia obst\u00e9trica, devido ao fecho da maternidade do Santa Maria para obras. A mobiliza\u00e7\u00e3o gerou forte contesta\u00e7\u00e3o interna, levou ao afastamento do ent\u00e3o diretor de servi\u00e7o, Diogo Ayres de Campos, e \u00e0 <a href=\"https:\/\/observador.pt\/2023\/12\/22\/numero-de-obstetras-que-deixaram-o-santa-maria-subiu-para-oito\/\" rel=\"nofollow noopener\" target=\"_blank\">sa\u00edda por rescis\u00e3o de contrato de oito m\u00e9dicos<\/a>.<\/p>\n<p>No \u00faltimo domingo, dia 21 de setembro, o Garcia de Orta \u2014 cuja urg\u00eancia obst\u00e9trica deveria estar a funcionar sem limita\u00e7\u00f5es \u2014 viu-se obrigado a encaminhar as utentes para o hospital do Barreiro porque voltou a n\u00e3o conseguir m\u00e9dicos em n\u00famero suficiente para garantir a totalidade da escala. Desta forma, entre as 8h e as 20h, a urg\u00eancia esteve apenas referenciada aos casos encaminhados pelo Centro de Orienta\u00e7\u00e3o de Doentes Urgentes do INEM, sendo que durante a maior parte do dia o Hospital do Barreiro esteve a dar resposta a toda a Pen\u00ednsula de Set\u00fabal na \u00e1rea obst\u00e9trica.<\/p>\n","protected":false},"excerpt":{"rendered":"A posi\u00e7\u00e3o de for\u00e7a por parte da tutela, que estar\u00e1 a preparar uma mobiliza\u00e7\u00e3o for\u00e7ada dos obstetras, pode&hellip;\n","protected":false},"author":2,"featured_media":82534,"comment_status":"","ping_status":"","sticky":false,"template":"","format":"standard","meta":{"footnotes":""},"categories":[10],"tags":[7087,11974,27,28,15,16,301,14,2648,25,26,21,22,4570,11277,12,13,19,20,57,302,32,23,24,33,2946,9060,1209,58,17,18,29,30,31],"class_list":{"0":"post-82533","1":"post","2":"type-post","3":"status-publish","4":"format-standard","5":"has-post-thumbnail","7":"category-portugal","8":"tag-almada","9":"tag-barreiro","10":"tag-breaking-news","11":"tag-breakingnews","12":"tag-featured-news","13":"tag-featurednews","14":"tag-governo","15":"tag-headlines","16":"tag-hospitais","17":"tag-latest-news","18":"tag-latestnews","19":"tag-main-news","20":"tag-mainnews","21":"tag-ministu00e9rio-da-sau00fade","22":"tag-mu00e9dicos","23":"tag-news","24":"tag-noticias","25":"tag-noticias-principais","26":"tag-noticiasprincipais","27":"tag-pau00eds","28":"tag-polu00edtica","29":"tag-portugal","30":"tag-principais-noticias","31":"tag-principaisnoticias","32":"tag-pt","33":"tag-sau00fade","34":"tag-sau00fade-da-mulher","35":"tag-serviu00e7o-nacional-de-sau00fade","36":"tag-sociedade","37":"tag-top-stories","38":"tag-topstories","39":"tag-ultimas","40":"tag-ultimas-noticias","41":"tag-ultimasnoticias"},"share_on_mastodon":{"url":"","error":""},"_links":{"self":[{"href":"https:\/\/www.europesays.com\/pt\/wp-json\/wp\/v2\/posts\/82533","targetHints":{"allow":["GET"]}}],"collection":[{"href":"https:\/\/www.europesays.com\/pt\/wp-json\/wp\/v2\/posts"}],"about":[{"href":"https:\/\/www.europesays.com\/pt\/wp-json\/wp\/v2\/types\/post"}],"author":[{"embeddable":true,"href":"https:\/\/www.europesays.com\/pt\/wp-json\/wp\/v2\/users\/2"}],"replies":[{"embeddable":true,"href":"https:\/\/www.europesays.com\/pt\/wp-json\/wp\/v2\/comments?post=82533"}],"version-history":[{"count":0,"href":"https:\/\/www.europesays.com\/pt\/wp-json\/wp\/v2\/posts\/82533\/revisions"}],"wp:featuredmedia":[{"embeddable":true,"href":"https:\/\/www.europesays.com\/pt\/wp-json\/wp\/v2\/media\/82534"}],"wp:attachment":[{"href":"https:\/\/www.europesays.com\/pt\/wp-json\/wp\/v2\/media?parent=82533"}],"wp:term":[{"taxonomy":"category","embeddable":true,"href":"https:\/\/www.europesays.com\/pt\/wp-json\/wp\/v2\/categories?post=82533"},{"taxonomy":"post_tag","embeddable":true,"href":"https:\/\/www.europesays.com\/pt\/wp-json\/wp\/v2\/tags?post=82533"}],"curies":[{"name":"wp","href":"https:\/\/api.w.org\/{rel}","templated":true}]}}