{"id":82557,"date":"2025-09-22T22:48:17","date_gmt":"2025-09-22T22:48:17","guid":{"rendered":"https:\/\/www.europesays.com\/pt\/82557\/"},"modified":"2025-09-22T22:48:17","modified_gmt":"2025-09-22T22:48:17","slug":"benfica-e-bruno-lage-com-acordo-para-a-rescisao-de-contrato","status":"publish","type":"post","link":"https:\/\/www.europesays.com\/pt\/82557\/","title":{"rendered":"Benfica e Bruno Lage com acordo para a rescis\u00e3o de contrato"},"content":{"rendered":"<p style=\"margin-bottom:11px\">Bruno Lage alcan\u00e7ou acordo para rescindir com o Benfica. Conforme avan\u00e7ado pela imprensa nacional e confirmado pelo <strong>Maisfutebol<\/strong>, o treinador vai receber at\u00e9 ao final deste m\u00eas e aceitou a cl\u00e1usula de confidencialidade.<\/p>\n<p style=\"margin-bottom:11px\">Esta cl\u00e1usula, por\u00e9m, n\u00e3o o impede de falar sobre o tempo que passou no Benfica, caso contr\u00e1rio seria inconstitucional: apenas o impede de dizer coisas que atinjam o bom nome do Benfica.<\/p>\n<p>Para ficar livre no mercado, Bruno Lage vai receber o ordenado de setembro e o pr\u00e9mio por alcan\u00e7ar a fase de liga da Liga dos Campe\u00f5es. Desta forma,\u00a0o ex-t\u00e9cnico abdicou da totalidade do acordo que tinha at\u00e9 junho de 2026, conforme havia revelado antes de ser demitido.<\/p>\n<p>De resto, a equipa t\u00e9cnica tamb\u00e9m rescindiu, mas\u00a0vai receber a totalidade do contrato. Era, inclusive, uma das principais condi\u00e7\u00f5es para o acerto do acordo.<\/p>\n<p>No segundo ciclo ao leme do Benfica, Bruno Lage, de 49 anos, conseguiu 45 vit\u00f3rias em 66 jogos, conquistando Ta\u00e7a da Liga e Superta\u00e7a. Depois de suceder a Roger Schmidt h\u00e1 um ano, o setubalense viu interrompido o percurso h\u00e1 uma semana, na sequ\u00eancia da derrota caseira ante o Qarabag.<\/p>\n<p style=\"margin-bottom:11px\">Ao fim de 142 jogos pelas \u00e1guias, Bruno Lage conquistou Liga, Ta\u00e7a da Liga e Superta\u00e7a. Pelo meio, orientou Wolves e Botafogo, entre 2021 e 2023.<\/p>\n<p style=\"margin-bottom:11px\">\u00a0<\/p>\n<blockquote class=\"instagram-media\" data-instgrm-captioned=\"\" data-instgrm-permalink=\"https:\/\/www.instagram.com\/p\/DO6fV4MDDqW\/?utm_source=ig_embed&amp;utm_campaign=loading\" data-instgrm-version=\"14\" style=\" background:#FFF; border:0; border-radius:3px; box-shadow:0 0 1px 0 rgba(0,0,0,0.5),0 1px 10px 0 rgba(0,0,0,0.15); margin: 1px; max-width:540px; min-width:326px; padding:0; width:99.375%; width:-webkit-calc(100% - 2px); width:calc(100% - 2px);\">\n<\/blockquote>\n<p style=\"margin-bottom:11px\">\u00a0<\/p>\n<p>                                <script async src=\"\/\/www.instagram.com\/embed.js\"><\/script><\/p>\n","protected":false},"excerpt":{"rendered":"Bruno Lage alcan\u00e7ou acordo para rescindir com o Benfica. Conforme avan\u00e7ado pela imprensa nacional e confirmado pelo Maisfutebol,&hellip;\n","protected":false},"author":2,"featured_media":82558,"comment_status":"","ping_status":"","sticky":false,"template":"","format":"standard","meta":{"footnotes":""},"categories":[8],"tags":[51,27,28,2923,15,16,14,4838,25,26,36,21,22,46,40,42,41,12,13,19,20,32,23,24,33,47,6058,17,18,35,29,30,31],"class_list":{"0":"post-82557","1":"post","2":"type-post","3":"status-publish","4":"format-standard","5":"has-post-thumbnail","7":"category-principais-noticias","8":"tag-benfica","9":"tag-breaking-news","10":"tag-breakingnews","11":"tag-bruno-lage","12":"tag-featured-news","13":"tag-featurednews","14":"tag-headlines","15":"tag-lage","16":"tag-latest-news","17":"tag-latestnews","18":"tag-liga","19":"tag-main-news","20":"tag-mainnews","21":"tag-maisfutebol","22":"tag-maistransferencias","23":"tag-mercado","24":"tag-mercado-de-transferencias","25":"tag-news","26":"tag-noticias","27":"tag-noticias-principais","28":"tag-noticiasprincipais","29":"tag-portugal","30":"tag-principais-noticias","31":"tag-principaisnoticias","32":"tag-pt","33":"tag-pura-paixao","34":"tag-rui-costa","35":"tag-top-stories","36":"tag-topstories","37":"tag-transferencias","38":"tag-ultimas","39":"tag-ultimas-noticias","40":"tag-ultimasnoticias"},"share_on_mastodon":{"url":"","error":""},"_links":{"self":[{"href":"https:\/\/www.europesays.com\/pt\/wp-json\/wp\/v2\/posts\/82557","targetHints":{"allow":["GET"]}}],"collection":[{"href":"https:\/\/www.europesays.com\/pt\/wp-json\/wp\/v2\/posts"}],"about":[{"href":"https:\/\/www.europesays.com\/pt\/wp-json\/wp\/v2\/types\/post"}],"author":[{"embeddable":true,"href":"https:\/\/www.europesays.com\/pt\/wp-json\/wp\/v2\/users\/2"}],"replies":[{"embeddable":true,"href":"https:\/\/www.europesays.com\/pt\/wp-json\/wp\/v2\/comments?post=82557"}],"version-history":[{"count":0,"href":"https:\/\/www.europesays.com\/pt\/wp-json\/wp\/v2\/posts\/82557\/revisions"}],"wp:featuredmedia":[{"embeddable":true,"href":"https:\/\/www.europesays.com\/pt\/wp-json\/wp\/v2\/media\/82558"}],"wp:attachment":[{"href":"https:\/\/www.europesays.com\/pt\/wp-json\/wp\/v2\/media?parent=82557"}],"wp:term":[{"taxonomy":"category","embeddable":true,"href":"https:\/\/www.europesays.com\/pt\/wp-json\/wp\/v2\/categories?post=82557"},{"taxonomy":"post_tag","embeddable":true,"href":"https:\/\/www.europesays.com\/pt\/wp-json\/wp\/v2\/tags?post=82557"}],"curies":[{"name":"wp","href":"https:\/\/api.w.org\/{rel}","templated":true}]}}