{"id":82588,"date":"2025-09-22T23:09:13","date_gmt":"2025-09-22T23:09:13","guid":{"rendered":"https:\/\/www.europesays.com\/pt\/82588\/"},"modified":"2025-09-22T23:09:13","modified_gmt":"2025-09-22T23:09:13","slug":"fc-porto-quinteto-no-boletim-clinico-na-preparacao-para-salzburgo","status":"publish","type":"post","link":"https:\/\/www.europesays.com\/pt\/82588\/","title":{"rendered":"FC Porto: quinteto no boletim cl\u00ednico na prepara\u00e7\u00e3o para Salzburgo"},"content":{"rendered":"<p>O treinador do <a href=\"https:\/\/maisfutebol.iol.pt\/fc-porto\" target=\"_blank\" rel=\"nofollow noopener\"><strong>FC Porto<\/strong><\/a>, Francesco Farioli, voltou a ter cinco nomes no boletim cl\u00ednico na manh\u00e3 desta segunda-feira, no regresso dos azuis e brancos ao Olival, depois de um dia de folga.<\/p>\n<p>Na prepara\u00e7\u00e3o para o jogo da primeira jornada da fase de liga da Liga Europa, ante o Salzburgo, o lateral Martim Fernandes voltou a treinar integrado, embora de forma condicionada, sendo quem est\u00e1 mais pr\u00f3ximo do regresso \u00e0s op\u00e7\u00f5es. Poder\u00e1 fazer parte do elenco para a ida \u00e0 \u00c1ustria.<\/p>\n<p>Perto de voltar est\u00e1 tamb\u00e9m Alberto Costa, embora tenha realizado, tal como no s\u00e1bado, treino condicionado.<\/p>\n<p>J\u00e1 o m\u00e9dio Alan Varela, substitu\u00eddo ao intervalo do jogo com o Rio Ave, na sexta-feira, juntou trabalho de gin\u00e1sio a tratamento, depois de, no s\u00e1bado, ter tamb\u00e9m feito tratamento a uma contus\u00e3o do g\u00e9meo direito.<\/p>\n<p>J\u00e1 o defesa Nehu\u00e9n P\u00e9rez continua em vigil\u00e2ncia p\u00f3s-operat\u00f3rio, na sequ\u00eancia da rotura total do tend\u00e3o de Aquiles do p\u00e9 direito, sofrida no jogo com o Nacional. O avan\u00e7ado Luuk de Jong continua em tratamento.<\/p>\n<p>O FC Porto joga ante o Salzburgo na quinta-feira, num <a href=\"https:\/\/maisfutebol.iol.pt\/jogo\/salzburgo\/fc-porto\/13830363\" target=\"_blank\" rel=\"nofollow noopener\"><strong>jogo que est\u00e1 marcado para as 20 horas e que pode ser seguido, ao minuto, no Maisfutebol<\/strong><\/a>.<\/p>\n","protected":false},"excerpt":{"rendered":"O treinador do FC Porto, Francesco Farioli, voltou a ter cinco nomes no boletim cl\u00ednico na manh\u00e3 desta&hellip;\n","protected":false},"author":2,"featured_media":82589,"comment_status":"","ping_status":"","sticky":false,"template":"","format":"standard","meta":{"footnotes":""},"categories":[87],"tags":[135,282,1011,137,46,2437,32,33,47,134,2096],"class_list":{"0":"post-82588","1":"post","2":"type-post","3":"status-publish","4":"format-standard","5":"has-post-thumbnail","7":"category-desporto","8":"tag-desporto","9":"tag-fc-porto","10":"tag-francesco-farioli","11":"tag-liga-europa","12":"tag-maisfutebol","13":"tag-olival","14":"tag-portugal","15":"tag-pt","16":"tag-pura-paixao","17":"tag-sports","18":"tag-treino-fc-porto"},"share_on_mastodon":{"url":"","error":""},"_links":{"self":[{"href":"https:\/\/www.europesays.com\/pt\/wp-json\/wp\/v2\/posts\/82588","targetHints":{"allow":["GET"]}}],"collection":[{"href":"https:\/\/www.europesays.com\/pt\/wp-json\/wp\/v2\/posts"}],"about":[{"href":"https:\/\/www.europesays.com\/pt\/wp-json\/wp\/v2\/types\/post"}],"author":[{"embeddable":true,"href":"https:\/\/www.europesays.com\/pt\/wp-json\/wp\/v2\/users\/2"}],"replies":[{"embeddable":true,"href":"https:\/\/www.europesays.com\/pt\/wp-json\/wp\/v2\/comments?post=82588"}],"version-history":[{"count":0,"href":"https:\/\/www.europesays.com\/pt\/wp-json\/wp\/v2\/posts\/82588\/revisions"}],"wp:featuredmedia":[{"embeddable":true,"href":"https:\/\/www.europesays.com\/pt\/wp-json\/wp\/v2\/media\/82589"}],"wp:attachment":[{"href":"https:\/\/www.europesays.com\/pt\/wp-json\/wp\/v2\/media?parent=82588"}],"wp:term":[{"taxonomy":"category","embeddable":true,"href":"https:\/\/www.europesays.com\/pt\/wp-json\/wp\/v2\/categories?post=82588"},{"taxonomy":"post_tag","embeddable":true,"href":"https:\/\/www.europesays.com\/pt\/wp-json\/wp\/v2\/tags?post=82588"}],"curies":[{"name":"wp","href":"https:\/\/api.w.org\/{rel}","templated":true}]}}