{"id":82592,"date":"2025-09-22T23:11:13","date_gmt":"2025-09-22T23:11:13","guid":{"rendered":"https:\/\/www.europesays.com\/pt\/82592\/"},"modified":"2025-09-22T23:11:13","modified_gmt":"2025-09-22T23:11:13","slug":"catarina-miranda-regressa-a-tvi-para-reforcar-o-secret-story-9","status":"publish","type":"post","link":"https:\/\/www.europesays.com\/pt\/82592\/","title":{"rendered":"Catarina Miranda regressa \u00e0 TVI para refor\u00e7ar o Secret Story 9"},"content":{"rendered":"<p>\t\t\t\t\t\t\t\t\t\t\t\t<a href=\"#\" onclick=\"window.open('http:\/\/www.facebook.com\/sharer.php?u=https:\/\/cusquices.com\/catarina-miranda-regressa-a-tvi-para-reforcar-o-secret-story-9\/&amp;t=Catarina Miranda regressa \u00e0 TVI para refor\u00e7ar o Secret Story 9', 'facebookShare', 'width=626,height=436'); return false;\" title=\"Share on Facebook\"><\/p>\n<p>Share<\/p>\n<p><\/a><br \/>\n\t\t\t\t\t\t\t\t\t\t\t\t<a href=\"#\" onclick=\"window.open('http:\/\/twitter.com\/share?text=Catarina Miranda regressa \u00e0 TVI para refor\u00e7ar o Secret Story 9 -&amp;url=https:\/\/cusquices.com\/catarina-miranda-regressa-a-tvi-para-reforcar-o-secret-story-9\/', 'twitterShare', 'width=626,height=436'); return false;\" title=\"Tweet This Post\"><\/p>\n<p>Tweet<\/p>\n<p><\/a><br \/>\n\t\t\t\t\t\t\t\t\t\t\t\t<a href=\"whatsapp:\/\/send?text=Catarina Miranda regressa \u00e0 TVI para refor\u00e7ar o Secret Story 9 https:\/\/cusquices.com\/catarina-miranda-regressa-a-tvi-para-reforcar-o-secret-story-9\/\" rel=\"nofollow\"><\/p>\n<p>Share<\/p>\n<p><\/a><br \/>\n\t\t\t\t\t\t\t\t\t\t\t\t<a href=\"#\" onclick=\"window.open('http:\/\/pinterest.com\/pin\/create\/button\/?url=https:\/\/cusquices.com\/catarina-miranda-regressa-a-tvi-para-reforcar-o-secret-story-9\/&amp;media=https:\/\/cusquices.com\/wp-content\/uploads\/2025\/09\/miranda-dois10-1000x600.jpg&amp;description=Catarina Miranda regressa \u00e0 TVI para refor\u00e7ar o Secret Story 9', 'pinterestShare', 'width=750,height=350'); return false;\" title=\"Pin This Post\"><\/p>\n<p>Share<\/p>\n<p><\/a><br \/>\n\t\t\t\t\t\t\t\t\t\t\t\t<a href=\"mailto:?subject=Catarina Miranda regressa \u00e0 TVI para refor\u00e7ar o Secret Story 9&amp;BODY=I found this article interesting and thought of sharing it with you. Check it out: https:\/\/cusquices.com\/catarina-miranda-regressa-a-tvi-para-reforcar-o-secret-story-9\/\"><\/p>\n<p>Email<\/p>\n<p><\/a><br \/>\n\t\t\t\t\t\t\t\t\t\t\t\t\t\t\t\t\t\t\t\t\t\t\t\t\t\t\t\t\t\t\t\t\t\t\t\t\t\t\t\t\t\t\t\t\t\t\t\t\t\t\t\t\t<a href=\"https:\/\/cusquices.com\/catarina-miranda-regressa-a-tvi-para-reforcar-o-secret-story-9\/#respond\" rel=\"nofollow noopener\" target=\"_blank\"><\/p>\n<p>Catarina Miranda foi chamada para refor\u00e7ar o Secret Story 9. <\/p>\n<p><strong>Catarina Miranda<\/strong> recorreu \u00e0s redes sociais esta segunda-feira, 22 de setembro para anunciar aos f\u00e3s o seu regresso \u00e0 TVI.<\/p>\n<p>A jovem de Almeirim revelou que vai estar no Extra desta segunda-feira para comentar os acontecimentos da nona edi\u00e7\u00e3o da Casa dos Segredos. <\/p>\n<p>Catarina Miranda revelou que vai estar no programa da TVI e n\u00e3o ir\u00e1 sozinha, Afonso Leit\u00e3o ir\u00e1 acompanh\u00e1-la: \u201c<strong>Prometi que vinha aqui lan\u00e7ar a bomba, estou aqui com o mister bombinhas que, como \u00e9 \u00f3bvio logo vai estar no backstage a acompanhar-me porque\u2026 onde \u00e9 que eu vou? Eu hoje vou estar no \u2018Extra\u2019 para comentar tudo o que se passa naquela casa, na casa mais vigiada do Pa\u00eds. Conto com o vosso apoio como sempre!<\/strong>\u201c<\/p>\n<p>\t\t\t\t\t\t\t\t\t\t\t\t\t\t\t\t\t\t\t\t\t\t\t\t\t<img decoding=\"async\" src=\"https:\/\/www.europesays.com\/pt\/wp-content\/uploads\/2025\/09\/1758443114_763_cusquices-logo-52x.png\" class=\"webpexpress-processed\"\/><\/p>\n<p>\t\t\t\t\t\t\t\t\t\t\t\t\t\t\t\t\t\t\t\t\t            \t\t\t\t\t\t\t\t\t\t\t\t\t\t\t\t\t\t\t\t\t\t\t\t\t\t\t\t\t\t\t\t\t\t\t\t\t\t\t<script async src=\"https:\/\/platform.twitter.com\/widgets.js\" charset=\"utf-8\"><\/script><\/p>\n","protected":false},"excerpt":{"rendered":"Share Tweet Share Share Email Catarina Miranda foi chamada para refor\u00e7ar o Secret Story 9. Catarina Miranda recorreu&hellip;\n","protected":false},"author":2,"featured_media":82593,"comment_status":"","ping_status":"","sticky":false,"template":"","format":"standard","meta":{"footnotes":""},"categories":[85],"tags":[2632,342,49,114,115,32,33],"class_list":{"0":"post-82592","1":"post","2":"type-post","3":"status-publish","4":"format-standard","5":"has-post-thumbnail","7":"category-entretenimento","8":"tag-casa-dos-segredos","9":"tag-catarina-miranda","10":"tag-destaques","11":"tag-entertainment","12":"tag-entretenimento","13":"tag-portugal","14":"tag-pt"},"share_on_mastodon":{"url":"","error":""},"_links":{"self":[{"href":"https:\/\/www.europesays.com\/pt\/wp-json\/wp\/v2\/posts\/82592","targetHints":{"allow":["GET"]}}],"collection":[{"href":"https:\/\/www.europesays.com\/pt\/wp-json\/wp\/v2\/posts"}],"about":[{"href":"https:\/\/www.europesays.com\/pt\/wp-json\/wp\/v2\/types\/post"}],"author":[{"embeddable":true,"href":"https:\/\/www.europesays.com\/pt\/wp-json\/wp\/v2\/users\/2"}],"replies":[{"embeddable":true,"href":"https:\/\/www.europesays.com\/pt\/wp-json\/wp\/v2\/comments?post=82592"}],"version-history":[{"count":0,"href":"https:\/\/www.europesays.com\/pt\/wp-json\/wp\/v2\/posts\/82592\/revisions"}],"wp:featuredmedia":[{"embeddable":true,"href":"https:\/\/www.europesays.com\/pt\/wp-json\/wp\/v2\/media\/82593"}],"wp:attachment":[{"href":"https:\/\/www.europesays.com\/pt\/wp-json\/wp\/v2\/media?parent=82592"}],"wp:term":[{"taxonomy":"category","embeddable":true,"href":"https:\/\/www.europesays.com\/pt\/wp-json\/wp\/v2\/categories?post=82592"},{"taxonomy":"post_tag","embeddable":true,"href":"https:\/\/www.europesays.com\/pt\/wp-json\/wp\/v2\/tags?post=82592"}],"curies":[{"name":"wp","href":"https:\/\/api.w.org\/{rel}","templated":true}]}}