{"id":82627,"date":"2025-09-22T23:52:09","date_gmt":"2025-09-22T23:52:09","guid":{"rendered":"https:\/\/www.europesays.com\/pt\/82627\/"},"modified":"2025-09-22T23:52:09","modified_gmt":"2025-09-22T23:52:09","slug":"ozempic-e-mounjaro-podem-mudar-paladar-diz-estudo-22-09-2025-equilibrio-e-saude","status":"publish","type":"post","link":"https:\/\/www.europesays.com\/pt\/82627\/","title":{"rendered":"Ozempic e Mounjaro podem mudar paladar, diz estudo &#8211; 22\/09\/2025 &#8211; Equil\u00edbrio e Sa\u00fade"},"content":{"rendered":"<p>Um estudo realizado por pesquisadores da Universidade de Viena, intitulado <a href=\"https:\/\/dom-pubs.onlinelibrary.wiley.com\/doi\/full\/10.1111\/dom.16548\" rel=\"nofollow noopener\" target=\"_blank\">Real-world insights into incretin-based therapy<\/a> (perspectivas do mundo real sobre a terapia com incretinas), analisou como medicamentos para obesidade que atuam no sistema incret\u00ednico \u2014mecanismo de a\u00e7\u00e3o de horm\u00f4nios intestinais como <a href=\"https:\/\/www1.folha.uol.com.br\/equilibrio\/2025\/08\/o-que-e-monjauro-precisa-de-receita-veja-as-perguntas-mais-buscadas-sobre-emagrecimento.shtml\" rel=\"nofollow noopener\" target=\"\">GLP-1 e <\/a><a href=\"https:\/\/www1.folha.uol.com.br\/equilibrio\/2025\/08\/o-que-e-monjauro-precisa-de-receita-veja-as-perguntas-mais-buscadas-sobre-emagrecimento.shtml\" rel=\"nofollow noopener\" target=\"\">GIP<\/a>\u2014 afetam n\u00e3o apenas o peso, mas tamb\u00e9m a percep\u00e7\u00e3o de sabores e o apetite.<\/p>\n<p>A pesquisa, feita com 411 pessoas em tratamento, mostra que os efeitos v\u00e3o al\u00e9m da balan\u00e7a e podem atingir os sentidos. Segundo os dados, pacientes em uso dessas terapias relataram uma perda de peso em torno de 15% a 18% do peso corporal, n\u00fameros pr\u00f3ximos aos observados em ensaios cl\u00ednicos controlados.<\/p>\n<p>Mais da metade dos entrevistados disse sentir menos apetite e cerca de dois ter\u00e7os relataram atingir a saciedade mais rapidamente. Al\u00e9m disso, mudan\u00e7as no paladar foram frequentes: 21% disseram perceber o sabor doce de forma mais intensa e 23% notaram o mesmo com o salgado.<\/p>\n<p>A m\u00e9dica Fernanda Parra, especializada no tratamento de obesidade, explica que h\u00e1 pacientes que relatam mudan\u00e7as no paladar, &#8220;especialmente <a href=\"https:\/\/www1.folha.uol.com.br\/equilibrio\/2025\/08\/comer-so-de-olho-em-proteina-e-carboidrato-acaba-com-prazer-e-gera-ansiedade.shtml\" rel=\"nofollow noopener\" target=\"\">redu\u00e7\u00e3o do desejo<\/a> por doces e alimentos mais gordurosos&#8221;. Ela cita que essa mudan\u00e7a n\u00e3o ocorre com todos que usam esses medicamentos mas pode favorecer a ades\u00e3o, considerando que &#8220;o paciente sente que naturalmente tem<strong> <\/strong>menos compuls\u00e3o ou menos vontade de determinados alimentos&#8221;, algo comprovado no levantamento.<\/p>\n<p>Segundo a pesquisa, essas altera\u00e7\u00f5es sensoriais parecem estar associadas ao pr\u00f3prio efeito dos medicamentos sobre o comportamento alimentar. &#8220;O estudo mostra que a<a href=\"https:\/\/www1.folha.uol.com.br\/equilibrio\/2023\/03\/dieta-mediterranea-diminui-em-23-o-risco-de-demencia-aponta-estudo.shtml\" rel=\"nofollow noopener\" target=\"\"> altera\u00e7\u00e3o do paladar<\/a> n\u00e3o necessariamente gera maior perda de peso, sugerindo que o impacto pode ser mais no comportamento alimentar do que no metabolismo em si&#8221;, complementa a m\u00e9dica.<\/p>\n<p>A endocrinologista afirma ainda que, do ponto de vista cl\u00ednico, esses efeitos t\u00eam grande relev\u00e2ncia, j\u00e1 que a modula\u00e7\u00e3o do desejo promove uma melhor sele\u00e7\u00e3o alimentar, uma ingest\u00e3o quantitativamente menor e uma melhora no controle inibit\u00f3rio do paciente.<\/p>\n<p>Os <a href=\"https:\/\/www1.folha.uol.com.br\/equilibrio\/2025\/09\/magreza-extrema-volta-a-ser-tendencia-em-meio-a-novos-remedios-e-conservadorismo.shtml\" rel=\"nofollow noopener\" target=\"\">efeitos colaterais<\/a> relatados foram semelhantes aos j\u00e1 conhecidos, como n\u00e1usea, v\u00f4mito, constipa\u00e7\u00e3o e dor de cabe\u00e7a, sendo este \u00faltimo mais comum entre usu\u00e1rios de semaglutida na dose usada para obesidade. A m\u00e9dica cita que tais sintomas &#8220;t\u00eam peso cl\u00ednico maior, pois podem limitar a continuidade do tratamento&#8221;.<\/p>\n<p>J\u00e1 as altera\u00e7\u00f5es de paladar funcionam como moduladores sutis que apoiam o processo de mudan\u00e7a alimentar. &#8220;Portanto, na pr\u00e1tica, damos prioridade ao manejo dos sintomas digestivos, mas n\u00e3o devemos subestimar o papel das mudan\u00e7as sensoriais como aliados no processo de ades\u00e3o e reeduca\u00e7\u00e3o alimentar&#8221;.<\/p>\n<p>    Cuide-se<\/p>\n<p class=\"c-newsletter__subtitle\">Ci\u00eancia, h\u00e1bitos e preven\u00e7\u00e3o numa newsletter para a sua sa\u00fade e bem-estar<\/p>\n<p>Os autores ainda ressaltam que o estudo \u00e9 baseado em question\u00e1rio online e que os resultados precisam ser confirmados por pesquisas mais longas.<\/p>\n","protected":false},"excerpt":{"rendered":"Um estudo realizado por pesquisadores da Universidade de Viena, intitulado Real-world insights into incretin-based therapy (perspectivas do mundo&hellip;\n","protected":false},"author":2,"featured_media":8731,"comment_status":"","ping_status":"","sticky":false,"template":"","format":"standard","meta":{"footnotes":""},"categories":[86],"tags":[2369,547,1468,1031,4533,1029,1026,236,116,4123,1025,32,33,117,1030],"class_list":{"0":"post-82627","1":"post","2":"type-post","3":"status-publish","4":"format-standard","5":"has-post-thumbnail","7":"category-saude","8":"tag-alimentacao","9":"tag-alimentacao-saudavel","10":"tag-alimentos","11":"tag-autocuidado","12":"tag-comida","13":"tag-cuide-se","14":"tag-emagrecimento","15":"tag-folha","16":"tag-health","17":"tag-mounjaro","18":"tag-ozempic","19":"tag-portugal","20":"tag-pt","21":"tag-saude","22":"tag-saude-mental"},"share_on_mastodon":{"url":"","error":""},"_links":{"self":[{"href":"https:\/\/www.europesays.com\/pt\/wp-json\/wp\/v2\/posts\/82627","targetHints":{"allow":["GET"]}}],"collection":[{"href":"https:\/\/www.europesays.com\/pt\/wp-json\/wp\/v2\/posts"}],"about":[{"href":"https:\/\/www.europesays.com\/pt\/wp-json\/wp\/v2\/types\/post"}],"author":[{"embeddable":true,"href":"https:\/\/www.europesays.com\/pt\/wp-json\/wp\/v2\/users\/2"}],"replies":[{"embeddable":true,"href":"https:\/\/www.europesays.com\/pt\/wp-json\/wp\/v2\/comments?post=82627"}],"version-history":[{"count":0,"href":"https:\/\/www.europesays.com\/pt\/wp-json\/wp\/v2\/posts\/82627\/revisions"}],"wp:featuredmedia":[{"embeddable":true,"href":"https:\/\/www.europesays.com\/pt\/wp-json\/wp\/v2\/media\/8731"}],"wp:attachment":[{"href":"https:\/\/www.europesays.com\/pt\/wp-json\/wp\/v2\/media?parent=82627"}],"wp:term":[{"taxonomy":"category","embeddable":true,"href":"https:\/\/www.europesays.com\/pt\/wp-json\/wp\/v2\/categories?post=82627"},{"taxonomy":"post_tag","embeddable":true,"href":"https:\/\/www.europesays.com\/pt\/wp-json\/wp\/v2\/tags?post=82627"}],"curies":[{"name":"wp","href":"https:\/\/api.w.org\/{rel}","templated":true}]}}