{"id":82630,"date":"2025-09-22T23:57:30","date_gmt":"2025-09-22T23:57:30","guid":{"rendered":"https:\/\/www.europesays.com\/pt\/82630\/"},"modified":"2025-09-22T23:57:30","modified_gmt":"2025-09-22T23:57:30","slug":"incendio-em-aljezur-e-lagos-esta-dominado-em-70-mas-linha-de-fogo-de-8-km-preocupa-protecao-civil-2","status":"publish","type":"post","link":"https:\/\/www.europesays.com\/pt\/82630\/","title":{"rendered":"Inc\u00eandio em Aljezur e Lagos est\u00e1 dominado em 70% mas linha de fogo de 8 km preocupa Prote\u00e7\u00e3o Civil"},"content":{"rendered":"<p>O inc\u00eandio que deflagrou no domingo, em Aljezur, no Algarve, e que passou para o concelho vizinho de Lagos, est\u00e1 dominado em 70%, mantendo-se uma linha de fogo &#8220;preocupante&#8221; com cerca de oito quil\u00f3metros, disse hoje a Prote\u00e7\u00e3o Civil.<\/p>\n<p>Em confer\u00eancia de imprensa nas Alfambras, o segundo-comandante regional da Prote\u00e7\u00e3o Civil do Algarve, Abel Gomes, explicou que nos cerca de 30% que restam do fogo &#8220;existem pontos preocupantes e que podem ser uma complica\u00e7\u00e3o&#8221;.<\/p>\n<p>&#8220;S\u00e3o zonas que n\u00e3o arderam, as designadas ilhas, que podem resultar em reacendimentos e provocar proje\u00e7\u00f5es devido ao vento moderado a forte que se regista&#8221;, apontou.<\/p>\n<p>No balan\u00e7o das opera\u00e7\u00f5es de combate ao inc\u00eandio, o respons\u00e1vel referiu que o fogo teve uma velocidade de desenvolvimento &#8220;muito acentuada&#8221;, progredindo de 52 hectares por hora para 236 hectares, &#8220;colocando grandes desafios aos bombeiros&#8221;, desconhecendo-se ainda a \u00e1rea ardida.<\/p>\n<p>&#8220;Al\u00e9m do vento, as acessibilidades t\u00eam sido tamb\u00e9m um problema para o combate (&#8230;), o que obrigou a que fossem abertos caminhos para aceder \u00e0 frente de fogo&#8221;, notou.<\/p>\n<p>Segundo Abel Gomes, o fogo continua a evoluir na mata nacional de Bar\u00e3o de S\u00e3o Jo\u00e3o, no concelho de Lagos, &#8220;mas sem colocar para j\u00e1 casas em risco&#8221;.<\/p>\n<p>O respons\u00e1vel adiantou que &#8220;a preocupa\u00e7\u00e3o agora \u00e9 tentar que o fogo n\u00e3o derive para Oeste, o que colocaria grandes desafios aos bombeiros&#8221;.<\/p>\n<p>Questionado sobre danos pessoais ou materiais, Abel Gomes disse que se registaram nove feridos ligeiros, a maioria por inala\u00e7\u00e3o de fumos e h\u00e1 o registo da destrui\u00e7\u00e3o de uma casa de segunda habita\u00e7\u00e3o no concelho de Aljezur.<\/p>\n<p>Nas opera\u00e7\u00f5es est\u00e3o envolvidos um total de 518 elementos das v\u00e1rias entidades que integram a Prote\u00e7\u00e3o Civil, com o apoio de 181 ve\u00edculos e sete meios a\u00e9reos.<\/p>\n<p>Abel Gomes acrescentou que est\u00e1 tamb\u00e9m preparado um helic\u00f3ptero bombardeiro pesado, &#8220;para situa\u00e7\u00f5es cir\u00fargicas&#8221;.<\/p>\n<p>O segundo-comandante regional do Algarve prev\u00ea &#8220;ainda muito trabalho&#8221; at\u00e9 que o fogo seja extinto.<\/p>\n","protected":false},"excerpt":{"rendered":"O inc\u00eandio que deflagrou no domingo, em Aljezur, no Algarve, e que passou para o concelho vizinho de&hellip;\n","protected":false},"author":2,"featured_media":82631,"comment_status":"","ping_status":"","sticky":false,"template":"","format":"standard","meta":{"footnotes":""},"categories":[10],"tags":[27,28,15,16,14,25,26,21,22,12,13,19,20,32,23,24,33,17,18,29,30,31],"class_list":{"0":"post-82630","1":"post","2":"type-post","3":"status-publish","4":"format-standard","5":"has-post-thumbnail","7":"category-portugal","8":"tag-breaking-news","9":"tag-breakingnews","10":"tag-featured-news","11":"tag-featurednews","12":"tag-headlines","13":"tag-latest-news","14":"tag-latestnews","15":"tag-main-news","16":"tag-mainnews","17":"tag-news","18":"tag-noticias","19":"tag-noticias-principais","20":"tag-noticiasprincipais","21":"tag-portugal","22":"tag-principais-noticias","23":"tag-principaisnoticias","24":"tag-pt","25":"tag-top-stories","26":"tag-topstories","27":"tag-ultimas","28":"tag-ultimas-noticias","29":"tag-ultimasnoticias"},"share_on_mastodon":{"url":"","error":""},"_links":{"self":[{"href":"https:\/\/www.europesays.com\/pt\/wp-json\/wp\/v2\/posts\/82630","targetHints":{"allow":["GET"]}}],"collection":[{"href":"https:\/\/www.europesays.com\/pt\/wp-json\/wp\/v2\/posts"}],"about":[{"href":"https:\/\/www.europesays.com\/pt\/wp-json\/wp\/v2\/types\/post"}],"author":[{"embeddable":true,"href":"https:\/\/www.europesays.com\/pt\/wp-json\/wp\/v2\/users\/2"}],"replies":[{"embeddable":true,"href":"https:\/\/www.europesays.com\/pt\/wp-json\/wp\/v2\/comments?post=82630"}],"version-history":[{"count":0,"href":"https:\/\/www.europesays.com\/pt\/wp-json\/wp\/v2\/posts\/82630\/revisions"}],"wp:featuredmedia":[{"embeddable":true,"href":"https:\/\/www.europesays.com\/pt\/wp-json\/wp\/v2\/media\/82631"}],"wp:attachment":[{"href":"https:\/\/www.europesays.com\/pt\/wp-json\/wp\/v2\/media?parent=82630"}],"wp:term":[{"taxonomy":"category","embeddable":true,"href":"https:\/\/www.europesays.com\/pt\/wp-json\/wp\/v2\/categories?post=82630"},{"taxonomy":"post_tag","embeddable":true,"href":"https:\/\/www.europesays.com\/pt\/wp-json\/wp\/v2\/tags?post=82630"}],"curies":[{"name":"wp","href":"https:\/\/api.w.org\/{rel}","templated":true}]}}