{"id":82711,"date":"2025-09-23T01:08:26","date_gmt":"2025-09-23T01:08:26","guid":{"rendered":"https:\/\/www.europesays.com\/pt\/82711\/"},"modified":"2025-09-23T01:08:26","modified_gmt":"2025-09-23T01:08:26","slug":"papa-envia-mensagem-aos-participantes-na-bencao-dos-capacetes-agencia-ecclesia","status":"publish","type":"post","link":"https:\/\/www.europesays.com\/pt\/82711\/","title":{"rendered":"Papa envia mensagem aos participantes na B\u00ean\u00e7\u00e3o dos Capacetes \u2013 Ag\u00eancia ECCLESIA"},"content":{"rendered":"<p>Le\u00e3o XIV sublinha import\u00e2ncia da \u00abseguran\u00e7a rodovi\u00e1ria\u00bb<\/p>\n<p><img fetchpriority=\"high\" decoding=\"async\" class=\"wp-image-392403 size-full\" src=\"https:\/\/www.europesays.com\/pt\/wp-content\/uploads\/2025\/09\/549308535_1316256760541181_1435913534411648984_n.jpg\" alt=\"\" width=\"1900\" height=\"1108\"   data-mwl-img-id=\"392403\"\/>Foto: Santu\u00e1rio de F\u00e1tima<\/p>\n<p>F\u00e1tima, 21 set 2025 (Ecclesia) \u2013 O Papa associou-se hoje \u00e0 10\u00aa Peregrina\u00e7\u00e3o da B\u00ean\u00e7\u00e3o dos Capacetes, em F\u00e1tima, enviado uma mensagem em que sublinha a import\u00e2ncia da \u201cseguran\u00e7a rodovi\u00e1ria\u201d.<\/p>\n<p>\u201cO Papa Le\u00e3o XIV deseja copiosas gra\u00e7as celestiais, que lhes permitam seguir em frente nas estradas do mundo iluminados pela esperan\u00e7a que n\u00e3o engana, e de cora\u00e7\u00e3o lhes concede a b\u00ean\u00e7\u00e3o apost\u00f3lica\u201d, refere o texto, dirigido \u00e0s dezenas de milhares de participantes que acorreram \u00e0 Cova da Iria, este domingo.<\/p>\n<p>A mensagem foi enviada atrav\u00e9s do secret\u00e1rio de Estado do Vaticano, cardeal Pietro Parolin.<\/p>\n<p>O Papa \u201crecorda, a quem se reconhece disc\u00edpulo de Cristo, que o esfor\u00e7o pessoal em prol da seguran\u00e7a rodovi\u00e1ria \u00e9 express\u00e3o da caridade divina\u201d.<\/p>\n<p>A mensagem destaca que muitos motociclistas \u201crumaram como peregrinos ao Santu\u00e1rio de F\u00e1tima, para nesse lugar agradecerem os benef\u00edcios que de Deus t\u00eam recebido por intercess\u00e3o da Virgem Maria, sob cujo amparo se colocam novamente a si mesmos e os que lhes s\u00e3o caros\u201d.<\/p>\n<p>Le\u00e3o XIV, \u201calegrando-se com este filial gesto de amor \u00e0 M\u00e3e do C\u00e9u, une a sua prece \u00e0 de cada um, pedindo para todos o dom renovado da f\u00e9\u201d, que \u201cfaz orientar a vida ao modo de Jesus.<\/p>\n<p>\u201c\u00c9 Ele que guia os nossos passos e, em todas as circunst\u00e2ncias, nos compromete seriamente com a prote\u00e7\u00e3o dos que p\u00f4s no nosso caminho\u201d, acrescenta o Papa.<\/p>\n<p>A b\u00ean\u00e7\u00e3o dos capacetes decorreu num Recinto de Ora\u00e7\u00e3o lotado, que D. Rui Val\u00e9rio percorreu durante largos minutos, aspergindo a multid\u00e3o com \u00e1gua benta.<\/p>\n<p>Entre os participantes estavam membros das For\u00e7as Armadas e de Seguran\u00e7a, bombeiros, pessoal m\u00e9dico, v\u00e1rios grupos motards e motoclubes.<\/p>\n<p><img loading=\"lazy\" decoding=\"async\" class=\"size-medium wp-image-392407\" src=\"https:\/\/www.europesays.com\/pt\/wp-content\/uploads\/2025\/09\/bencaocapacetes7-373x280.jpg\" alt=\"\" width=\"373\" height=\"280\"   data-mwl-img-id=\"392407\"\/>Foto: Santu\u00e1rio de F\u00e1tima<\/p>\n<p>A ABC \u2013 Associa\u00e7\u00e3o B\u00ean\u00e7\u00e3o dos Capacetes decidiu atribuir ao Santu\u00e1rio de F\u00e1tima a\u2019 Medalha de M\u00e9rito e Reconhecimento\u2019, entregue ao reitor da institui\u00e7\u00e3o, padre Carlos Cabecinhas, como forma de \u201cexpressar o reconhecimento e a sincera gratid\u00e3o da Associa\u00e7\u00e3o e de todos os motociclistas peregrinos de F\u00e1tima por toda a dilig\u00eancia com que a Institui\u00e7\u00e3o e os seus servidores t\u00eam trabalhado em ordem ao cumprimento da voca\u00e7\u00e3o e da miss\u00e3o deste lugar\u201d.<\/p>\n<p>\u201cAo longo dos anos, tem sido lugar de acolhimento para milh\u00f5es de fi\u00e9is motociclistas de todo o mundo, que aqui encontram conforto espiritual e renova\u00e7\u00e3o da sua f\u00e9, testemunhando-lhes a mensagem de Nossa Senhora de F\u00e1tima e promovendo a evangeliza\u00e7\u00e3o, a ora\u00e7\u00e3o e o servi\u00e7o a todos, como aut\u00eantico reflexo do amor e da miseric\u00f3rdia de Deus\u201d, refere uma mensagem, assinada por Carlos Pereira, presidente da ABC.<\/p>\n<p>Rui Val\u00e9rio deixou uma palavra final, agradecendo o acolhimento no Santu\u00e1rio de F\u00e1tima e a participa\u00e7\u00e3o de tantos motociclistas.<\/p>\n<p>A peregrina\u00e7\u00e3o, que se iniciou este s\u00e1bado, inclui uma dimens\u00e3o de sensibiliza\u00e7\u00e3o rodovi\u00e1ria e iniciativas solid\u00e1rias, como a primeira recolha de d\u00e1divas de sangue e uma campanha de recolha de donativos, para apoiar um piloto de motocross nos tratamentos de recupera\u00e7\u00e3o de um acidente.<\/p>\n<p>OC<\/p>\n<p><a title=\"B\u00ean\u00e7\u00e3o dos capacetes - Santu\u00e1rio de F\u00e1tima\" href=\"https:\/\/www.flickr.com\/photos\/aiic\/albums\/72177720329202623\" data-flickr-embed=\"true\" data-header=\"true\" data-footer=\"true\" rel=\"nofollow noopener\" target=\"_blank\"><img loading=\"lazy\" decoding=\"async\" src=\"https:\/\/www.europesays.com\/pt\/wp-content\/uploads\/2025\/09\/54804483765_39018aa032_b.jpg\" alt=\"B\u00ean\u00e7\u00e3o dos capacetes - Santu\u00e1rio de F\u00e1tima\" width=\"1024\" height=\"768\"\/><\/a><\/p>\n<p>\u00a0<\/p>\n<blockquote class=\"wp-embedded-content\" data-secret=\"mTQwORtzT9\">\n<p><a href=\"https:\/\/agencia.ecclesia.pt\/portal\/fatima-bencao-dos-capacetes-marcada-por-apelos-a-conducao-segura-e-responsavel\/\" rel=\"nofollow noopener\" target=\"_blank\">F\u00e1tima: B\u00ean\u00e7\u00e3o dos Capacetes marcada por apelos \u00e0 \u00abcondu\u00e7\u00e3o segura e respons\u00e1vel\u00bb<\/a><\/p>\n<\/blockquote>\n","protected":false},"excerpt":{"rendered":"Le\u00e3o XIV sublinha import\u00e2ncia da \u00abseguran\u00e7a rodovi\u00e1ria\u00bb Foto: Santu\u00e1rio de F\u00e1tima F\u00e1tima, 21 set 2025 (Ecclesia) \u2013 O&hellip;\n","protected":false},"author":2,"featured_media":82712,"comment_status":"","ping_status":"","sticky":false,"template":"","format":"standard","meta":{"footnotes":""},"categories":[10],"tags":[27,28,15,16,14,25,26,21,22,12,13,19,20,32,23,24,33,17,18,29,30,31],"class_list":{"0":"post-82711","1":"post","2":"type-post","3":"status-publish","4":"format-standard","5":"has-post-thumbnail","7":"category-portugal","8":"tag-breaking-news","9":"tag-breakingnews","10":"tag-featured-news","11":"tag-featurednews","12":"tag-headlines","13":"tag-latest-news","14":"tag-latestnews","15":"tag-main-news","16":"tag-mainnews","17":"tag-news","18":"tag-noticias","19":"tag-noticias-principais","20":"tag-noticiasprincipais","21":"tag-portugal","22":"tag-principais-noticias","23":"tag-principaisnoticias","24":"tag-pt","25":"tag-top-stories","26":"tag-topstories","27":"tag-ultimas","28":"tag-ultimas-noticias","29":"tag-ultimasnoticias"},"share_on_mastodon":{"url":"","error":""},"_links":{"self":[{"href":"https:\/\/www.europesays.com\/pt\/wp-json\/wp\/v2\/posts\/82711","targetHints":{"allow":["GET"]}}],"collection":[{"href":"https:\/\/www.europesays.com\/pt\/wp-json\/wp\/v2\/posts"}],"about":[{"href":"https:\/\/www.europesays.com\/pt\/wp-json\/wp\/v2\/types\/post"}],"author":[{"embeddable":true,"href":"https:\/\/www.europesays.com\/pt\/wp-json\/wp\/v2\/users\/2"}],"replies":[{"embeddable":true,"href":"https:\/\/www.europesays.com\/pt\/wp-json\/wp\/v2\/comments?post=82711"}],"version-history":[{"count":0,"href":"https:\/\/www.europesays.com\/pt\/wp-json\/wp\/v2\/posts\/82711\/revisions"}],"wp:featuredmedia":[{"embeddable":true,"href":"https:\/\/www.europesays.com\/pt\/wp-json\/wp\/v2\/media\/82712"}],"wp:attachment":[{"href":"https:\/\/www.europesays.com\/pt\/wp-json\/wp\/v2\/media?parent=82711"}],"wp:term":[{"taxonomy":"category","embeddable":true,"href":"https:\/\/www.europesays.com\/pt\/wp-json\/wp\/v2\/categories?post=82711"},{"taxonomy":"post_tag","embeddable":true,"href":"https:\/\/www.europesays.com\/pt\/wp-json\/wp\/v2\/tags?post=82711"}],"curies":[{"name":"wp","href":"https:\/\/api.w.org\/{rel}","templated":true}]}}