{"id":82730,"date":"2025-09-23T01:36:15","date_gmt":"2025-09-23T01:36:15","guid":{"rendered":"https:\/\/www.europesays.com\/pt\/82730\/"},"modified":"2025-09-23T01:36:15","modified_gmt":"2025-09-23T01:36:15","slug":"polonia-pronta-para-abater-aeronaves-russas-mas-com-apoio-da-nato","status":"publish","type":"post","link":"https:\/\/www.europesays.com\/pt\/82730\/","title":{"rendered":"Pol\u00f3nia pronta para abater aeronaves russas, mas com apoio da NATO"},"content":{"rendered":"<p>O primeiro-ministro polaco declarou esta segunda-feira, 22 de setembro,  que o seu pa\u00eds est\u00e1 preparado para tomar a decis\u00e3o de abater aeronaves russas, no caso de invas\u00e3o do seu espa\u00e7o a\u00e9reo, mas apenas com o apoio un\u00e2nime dos aliados da NATO.<\/p>\n<p>Donald Tusk admitiu, durante uma confer\u00eancia de imprensa em Sierakowice (norte), onde inaugurou uma linha f\u00e9rrea, que uma medida t\u00e3o dr\u00e1stica como abater um ca\u00e7a russo poderia levar a uma &#8220;fase mais aguda do conflito&#8221; e que tal decis\u00e3o s\u00f3 seria tomada ap\u00f3s a absoluta certeza de que &#8220;n\u00e3o est\u00e3o sozinhos&#8221; neste tipo de opera\u00e7\u00e3o.<\/p>\n<p><strong>As declara\u00e7\u00f5es de Tusk surgem em resposta \u00e0s do presidente checo, Petr Pavel, que sugeriu que os pa\u00edses da NATO poderiam abater aeronaves russas que violassem o seu espa\u00e7o a\u00e9reo. Pavel sublinhou que a R\u00fassia &#8220;em breve perceber\u00e1 que cometeu um erro e excedeu os limites aceit\u00e1veis&#8221; ao realizar incurs\u00f5es no espa\u00e7o a\u00e9reo dos pa\u00edses da NATO.<\/strong><\/p>\n<p>Tusk esclareceu que, embora a declara\u00e7\u00e3o do presidente checo seja &#8220;relevante&#8221;, \u00e9 tamb\u00e9m &#8220;obviamente insuficiente&#8221; para levar a uma decis\u00e3o de tal magnitude, insistindo na necessidade de um consenso total entre os aliados da Alian\u00e7a antes de decidir abater aeronaves russas.<\/p>\n","protected":false},"excerpt":{"rendered":"O primeiro-ministro polaco declarou esta segunda-feira, 22 de setembro, que o seu pa\u00eds est\u00e1 preparado para tomar a&hellip;\n","protected":false},"author":2,"featured_media":82731,"comment_status":"","ping_status":"","sticky":false,"template":"","format":"standard","meta":{"footnotes":""},"categories":[50],"tags":[27,28,7517,15,16,14,25,26,21,22,62,3400,12,13,19,20,5300,23,24,839,17,18,29,30,31,63,64,65],"class_list":{"0":"post-82730","1":"post","2":"type-post","3":"status-publish","4":"format-standard","5":"has-post-thumbnail","7":"category-mundo","8":"tag-breaking-news","9":"tag-breakingnews","10":"tag-donald-tusk","11":"tag-featured-news","12":"tag-featurednews","13":"tag-headlines","14":"tag-latest-news","15":"tag-latestnews","16":"tag-main-news","17":"tag-mainnews","18":"tag-mundo","19":"tag-nato","20":"tag-news","21":"tag-noticias","22":"tag-noticias-principais","23":"tag-noticiasprincipais","24":"tag-polonia","25":"tag-principais-noticias","26":"tag-principaisnoticias","27":"tag-russia","28":"tag-top-stories","29":"tag-topstories","30":"tag-ultimas","31":"tag-ultimas-noticias","32":"tag-ultimasnoticias","33":"tag-world","34":"tag-world-news","35":"tag-worldnews"},"share_on_mastodon":{"url":"","error":""},"_links":{"self":[{"href":"https:\/\/www.europesays.com\/pt\/wp-json\/wp\/v2\/posts\/82730","targetHints":{"allow":["GET"]}}],"collection":[{"href":"https:\/\/www.europesays.com\/pt\/wp-json\/wp\/v2\/posts"}],"about":[{"href":"https:\/\/www.europesays.com\/pt\/wp-json\/wp\/v2\/types\/post"}],"author":[{"embeddable":true,"href":"https:\/\/www.europesays.com\/pt\/wp-json\/wp\/v2\/users\/2"}],"replies":[{"embeddable":true,"href":"https:\/\/www.europesays.com\/pt\/wp-json\/wp\/v2\/comments?post=82730"}],"version-history":[{"count":0,"href":"https:\/\/www.europesays.com\/pt\/wp-json\/wp\/v2\/posts\/82730\/revisions"}],"wp:featuredmedia":[{"embeddable":true,"href":"https:\/\/www.europesays.com\/pt\/wp-json\/wp\/v2\/media\/82731"}],"wp:attachment":[{"href":"https:\/\/www.europesays.com\/pt\/wp-json\/wp\/v2\/media?parent=82730"}],"wp:term":[{"taxonomy":"category","embeddable":true,"href":"https:\/\/www.europesays.com\/pt\/wp-json\/wp\/v2\/categories?post=82730"},{"taxonomy":"post_tag","embeddable":true,"href":"https:\/\/www.europesays.com\/pt\/wp-json\/wp\/v2\/tags?post=82730"}],"curies":[{"name":"wp","href":"https:\/\/api.w.org\/{rel}","templated":true}]}}