{"id":82734,"date":"2025-09-23T01:42:04","date_gmt":"2025-09-23T01:42:04","guid":{"rendered":"https:\/\/www.europesays.com\/pt\/82734\/"},"modified":"2025-09-23T01:42:04","modified_gmt":"2025-09-23T01:42:04","slug":"a-protegida-rui-insulta-sanjay-mas-e-goncalo-que-acaba-com-aquilo-novelas","status":"publish","type":"post","link":"https:\/\/www.europesays.com\/pt\/82734\/","title":{"rendered":"A Protegida: Rui insulta Sanjay, mas \u00e9 Gon\u00e7alo que acaba com aquilo &#8211; Novelas"},"content":{"rendered":"<p>Em \u00abA\u00a0Protegida\u00bb, Rui (Daniel Viana) vai a casa de Sanjay (M\u00e1rio Oliveira) e avisa-o para ficar longe de Margarida (In\u00eas Her\u00e9dia). Rui diz saber como os indianos s\u00e3o e que lhe quer roubar a mulher, para depois tranc\u00e1-la em casa e fazer dela sua escrava. Gon\u00e7alo (Jo\u00e3o Bettencourt) vem a chegar e fica perplexo ao ouvir aquilo. Gon\u00e7alo manda Rui embora dali e pergunta a Sanjay o que \u00e9 que ele queria.<\/p>\n","protected":false},"excerpt":{"rendered":"Em \u00abA\u00a0Protegida\u00bb, Rui (Daniel Viana) vai a casa de Sanjay (M\u00e1rio Oliveira) e avisa-o para ficar longe de&hellip;\n","protected":false},"author":2,"featured_media":82735,"comment_status":"","ping_status":"","sticky":false,"template":"","format":"standard","meta":{"footnotes":""},"categories":[142],"tags":[168,160,166,114,115,157,167,164,2931,161,158,165,159,32,33,156,163,151,162],"class_list":{"0":"post-82734","1":"post","2":"type-post","3":"status-publish","4":"format-standard","5":"has-post-thumbnail","7":"category-tv","8":"tag-a-protegida","9":"tag-ana-guiomar","10":"tag-cristina-ferreira","11":"tag-entertainment","12":"tag-entretenimento","13":"tag-festa-e-festa","14":"tag-ficcao","15":"tag-jose-fidalgo","16":"tag-novela","17":"tag-novelas","18":"tag-para-sempre","19":"tag-pedro-sousa","20":"tag-pedro-teixeira","21":"tag-portugal","22":"tag-pt","23":"tag-queridos-papas","24":"tag-tiago-teotonio-pereira","25":"tag-tv","26":"tag-tvi"},"share_on_mastodon":{"url":"","error":""},"_links":{"self":[{"href":"https:\/\/www.europesays.com\/pt\/wp-json\/wp\/v2\/posts\/82734","targetHints":{"allow":["GET"]}}],"collection":[{"href":"https:\/\/www.europesays.com\/pt\/wp-json\/wp\/v2\/posts"}],"about":[{"href":"https:\/\/www.europesays.com\/pt\/wp-json\/wp\/v2\/types\/post"}],"author":[{"embeddable":true,"href":"https:\/\/www.europesays.com\/pt\/wp-json\/wp\/v2\/users\/2"}],"replies":[{"embeddable":true,"href":"https:\/\/www.europesays.com\/pt\/wp-json\/wp\/v2\/comments?post=82734"}],"version-history":[{"count":0,"href":"https:\/\/www.europesays.com\/pt\/wp-json\/wp\/v2\/posts\/82734\/revisions"}],"wp:featuredmedia":[{"embeddable":true,"href":"https:\/\/www.europesays.com\/pt\/wp-json\/wp\/v2\/media\/82735"}],"wp:attachment":[{"href":"https:\/\/www.europesays.com\/pt\/wp-json\/wp\/v2\/media?parent=82734"}],"wp:term":[{"taxonomy":"category","embeddable":true,"href":"https:\/\/www.europesays.com\/pt\/wp-json\/wp\/v2\/categories?post=82734"},{"taxonomy":"post_tag","embeddable":true,"href":"https:\/\/www.europesays.com\/pt\/wp-json\/wp\/v2\/tags?post=82734"}],"curies":[{"name":"wp","href":"https:\/\/api.w.org\/{rel}","templated":true}]}}